{"id":7143,"date":"2019-07-11T14:31:25","date_gmt":"2019-07-11T12:31:25","guid":{"rendered":"https:\/\/www.saxis.dk\/blog\/?p=7143"},"modified":"2025-11-20T09:33:23","modified_gmt":"2025-11-20T08:33:23","slug":"frederik-paa-20-hvis-du-ville-beholde-virksomheden-taenkte-du-ikke-paa-at-saelge-den","status":"publish","type":"post","link":"https:\/\/www.saxis.dk\/blog\/frederik-paa-20-hvis-du-ville-beholde-virksomheden-taenkte-du-ikke-paa-at-saelge-den\/","title":{"rendered":"Frederik p\u00e5 20: &#8220;Hvis du ville beholde virksomheden, t\u00e6nkte du ikke p\u00e5 at s\u00e6lge den&#8221;"},"content":{"rendered":"<p><span style=\"font-weight: 400;\">Frederik er 20 \u00e5r gammel og kommer fra birker\u00f8d. Han har altid haft interesse for iv\u00e6rks\u00e6tteri og elsker is\u00e6r f\u00f8lelsen af at skabe noget fra bunden og se det udvikle sig.<\/span><\/p>\n<p><img loading=\"lazy\" decoding=\"async\" class=\"alignnone size-full wp-image-7144\" src=\"https:\/\/www.saxis.dk\/blog\/wp-content\/uploads\/2019\/07\/image1-e1562847809228.jpeg\" alt=\"Frederik har solgt sin virksomhed\" width=\"1102\" height=\"960\" srcset=\"https:\/\/www.saxis.dk\/blog\/wp-content\/uploads\/2019\/07\/image1-e1562847809228.jpeg 1102w, https:\/\/www.saxis.dk\/blog\/wp-content\/uploads\/2019\/07\/image1-e1562847809228-300x261.jpeg 300w, https:\/\/www.saxis.dk\/blog\/wp-content\/uploads\/2019\/07\/image1-e1562847809228-768x669.jpeg 768w, https:\/\/www.saxis.dk\/blog\/wp-content\/uploads\/2019\/07\/image1-e1562847809228-1024x892.jpeg 1024w\" sizes=\"auto, (max-width: 1102px) 100vw, 1102px\" \/><\/p>\n<p><span style=\"font-weight: 400;\">Frederik har for nyligt solgt sin virksomhed Fitnesskassen.dk p\u00e5 Saxis.dk og det synes vi er ret sejt i hans unge alder. Vi har taget en snak med Frederik om salget for at h\u00f8re om hans tanker omkring det.<\/span><\/p>\n<h2><span style=\"font-weight: 400;\">Det startede med en interesse<\/span><\/h2>\n<p><i><span style=\"font-weight: 400;\">\u201cJeg har tr\u00e6net de sidste 4 \u00e5r og er igennem min tr\u00e6ning blevet inspireret af industrien. I slutningen af 2018, kom jeg i kontakt med den tidligere ejer af fitnesskassen.dk &#8211; og spurgte om han kunne v\u00e6re interesseret i at s\u00e6lge.<\/span><\/i><\/p>\n<p><i><span style=\"font-weight: 400;\">Det var han, og jeg k\u00f8bte fitnesskassen lige inden nyt\u00e5r, med et m\u00e5l om at se hvor meget jeg kan f\u00e5 virksomheden til at v\u00e6kste. Fitnesskassen er en abonnementstjeneste, hvor medlemmer hver m\u00e5ned modtager en l\u00e6kker kasse med 8-12 forskellige fitness relaterede produkter. Det kan f.eks. v\u00e6re drikke, protein barer, snacks, og andre proteinrige produkter.\u201d<\/span><\/i><\/p>\n<p><span style=\"font-weight: 400;\">For Frederik var det ikke bare et sp\u00f8rgsm\u00e5l om at overtage en virksomhed, men lige s\u00e5 meget et sp\u00f8rgsm\u00e5l om at forl\u00f8se et potentiale. B\u00e5de hans eget og virksomhedens.<\/span><\/p>\n<p><i><span style=\"font-weight: 400;\">\u201cJeg s\u00e5 et potentiale. Jeg kunne se at der var mange ting der kunne forbedres, og da jeg selv tr\u00e6nede og har ret godt styr p\u00e5 de mange forskellige fitness\/sundheds produkter t\u00e6nkte jeg at det kunne v\u00e6re et sjovt projekt.<\/span><\/i><\/p>\n<p><i><span style=\"font-weight: 400;\">Fra overtagelsesdagen, gik jeg igang med at lave ny hjemmeside, nye priser og \u00e6ndre p\u00e5 kasserne. Inden jeg overtog var det ikke blevet markedsf\u00f8rt i et godt stykke tid. Jeg begyndte derfor at skrive til en masse forskellige influencers og brugte influencer marketing til at komme ud til nye kunder.\u201d<\/span><\/i><\/p>\n<h2><span style=\"font-weight: 400;\">Husk at nyde livet<\/span><\/h2>\n<p><span style=\"font-weight: 400;\">Da Frederik f\u00f8lte at han havde f\u00e5et det ud af virksomheden som han ville have, var det tid til at nyde livet og hans unge alder lidt igen og han valgte derfor at afh\u00e6nde selskabet til en ny ejer.<\/span><\/p>\n<p><i><span style=\"font-weight: 400;\">\u201cJeg er igang med mit sabbat\u00e5r, og kunne rigtig godt t\u00e6nke mig at nyde de sidste par m\u00e5neder inden jeg starter studie, ved bl.a. at rejse. Og der ved jeg, at jeg ikke ville kunne opretholde en konstant v\u00e6kst, ligesom jeg har gjort fra da jeg overtog. Jeg er dog stadig p\u00e5 udkig efter nye projekter.\u201d<\/span><\/i><\/p>\n<h2><span style=\"font-weight: 400;\">Et spontant men godt salg<\/span><\/h2>\n<p><i><span style=\"font-weight: 400;\">\u201cSalget var forholdsvist spontant.\u201d <\/span><\/i><span style=\"font-weight: 400;\">fort\u00e6ller Frederik,<\/span><i><span style=\"font-weight: 400;\"> \u201cdet gik enormt hurtigt. Men jeg er glad for den beslutning jeg har taget, og jeg har f\u00e5et det ud af virksomheden som jeg gerne ville.<\/span><\/i><\/p>\n<p><i><span style=\"font-weight: 400;\">Det var en hurtig process, og meget ukompliceret. Det gik super hurtigt og inden jeg n\u00e5ede at se mig om var alt overdraget til de nye ejere. Jeg tog til London dagen efter salget, med et par kammerater i en weekend.<\/span><\/i><\/p>\n<p><i><span style=\"font-weight: 400;\">Det var en rigtig god f\u00f8lelse, at have bygget noget op, og s\u00e5 at kunne give det videre, og se om de kan g\u00f8re fitnesskassen til en endnu bedre virksomhed.<\/span><\/i><\/p>\n<p><i><span style=\"font-weight: 400;\">Jeg f\u00f8ler at jeg opn\u00e5ede det jeg gerne ville med fitnesskassen.<\/span><\/i><\/p>\n<p><i><span style=\"font-weight: 400;\">Salget har betydet del mere fritid til at nyde mit sabbat\u00e5r, uden at skulle svare p\u00e5 mails, finde nye produkter og poste p\u00e5 de sociale medier.\u201d<\/span><\/i><\/p>\n<h2><span style=\"font-weight: 400;\">Et r\u00e5d fra Frederik<\/span><\/h2>\n<p><span style=\"font-weight: 400;\">Vi spurgte Frederik om han havde et r\u00e5d til andre unge mennesker som m\u00e5ske st\u00e5r i samme situation og overvejer at s\u00e6lge deres projekt.<\/span><\/p>\n<p><i><span style=\"font-weight: 400;\">\u201cHvis tanken strejfer \u00e9n, at man muligvis gerne vil s\u00e6lge, er det et godt tegn p\u00e5 at man gerne vil noget andet og at beholde virksomheden ikke er 100% det man gerne vil. For hvis det var det, ville tanken om at s\u00e6lge ikke v\u00e6re der.\u201d<\/span><\/i><\/p>\n<p><span style=\"font-weight: 400;\">Og med de ord slutter vores samtale og vi \u00f8nsker Frederik alt det bedste fremover og god vind i sejlene med de fremtidige forretninger.<\/span><\/p>\n<p><span style=\"font-weight: 400;\">Hvis du er nysgerrig kan du finde fitnesskassen her:<\/span><\/p>\n<p><img loading=\"lazy\" decoding=\"async\" class=\"alignnone wp-image-7146 size-medium\" src=\"https:\/\/www.saxis.dk\/blog\/wp-content\/uploads\/2019\/07\/fitnesskassen_logo_transp-300x120.png\" alt=\"Fitness kassen\" width=\"300\" height=\"120\" srcset=\"https:\/\/www.saxis.dk\/blog\/wp-content\/uploads\/2019\/07\/fitnesskassen_logo_transp-300x120.png 300w, https:\/\/www.saxis.dk\/blog\/wp-content\/uploads\/2019\/07\/fitnesskassen_logo_transp.png 655w\" sizes=\"auto, (max-width: 300px) 100vw, 300px\" \/><\/p>\n","protected":false},"excerpt":{"rendered":"<p>Frederik er 20 \u00e5r gammel og kommer fra birker\u00f8d. Han har altid haft interesse for iv\u00e6rks\u00e6tteri og elsker is\u00e6r f\u00f8lelsen af at skabe noget fra bunden og se det udvikle sig. Frederik har for nyligt solgt sin virksomhed Fitnesskassen.dk p\u00e5 Saxis.dk og det synes vi er ret sejt i hans unge alder. Vi har taget&#8230;<\/p>\n<p><a class=\"btn read-more-button understrap-read-more-link\" href=\"https:\/\/www.saxis.dk\/blog\/frederik-paa-20-hvis-du-ville-beholde-virksomheden-taenkte-du-ikke-paa-at-saelge-den\/\">L\u00e6s mere&#8230;<\/a><\/p>\n","protected":false},"author":18,"featured_media":7144,"comment_status":"closed","ping_status":"closed","sticky":false,"template":"","format":"standard","meta":{"footnotes":""},"categories":[35,16,7,128,18],"tags":[121],"class_list":["post-7143","post","type-post","status-publish","format-standard","has-post-thumbnail","hentry","category-artikler","category-koeb-og-salg-af-virksomheder","category-salg-af-virksomhed","category-saelgercases-artikler","category-saelgere-paa-saxis","tag-featured-home"],"yoast_head":"<!-- This site is optimized with the Yoast SEO plugin v27.4 - https:\/\/yoast.com\/product\/yoast-seo-wordpress\/ -->\n<title>Frederik p\u00e5 20: &quot;Hvis du ville forts\u00e6tte, t\u00e6nkte du ikke p\u00e5 salg&quot; | Saxis virksomhedsb\u00f8rs blog<\/title>\n<meta name=\"description\" content=\"Frederik k\u00f8bte og solgte som 20\u2011\u00e5rig: Refleksioner over beslutninger, konsekvenser og l\u00e6ring fra tidlige k\u00f8b og salg af virksomhed.\" \/>\n<meta name=\"robots\" content=\"index, follow, max-snippet:-1, max-image-preview:large, max-video-preview:-1\" \/>\n<link rel=\"canonical\" href=\"https:\/\/www.saxis.dk\/blog\/frederik-paa-20-hvis-du-ville-beholde-virksomheden-taenkte-du-ikke-paa-at-saelge-den\/\" \/>\n<meta property=\"og:locale\" content=\"da_DK\" \/>\n<meta property=\"og:type\" content=\"article\" \/>\n<meta property=\"og:title\" content=\"Frederik p\u00e5 20: &quot;Hvis du ville forts\u00e6tte, t\u00e6nkte du ikke p\u00e5 salg&quot; | Saxis virksomhedsb\u00f8rs blog\" \/>\n<meta property=\"og:description\" content=\"Frederik k\u00f8bte og solgte som 20\u2011\u00e5rig: Refleksioner over beslutninger, konsekvenser og l\u00e6ring fra tidlige k\u00f8b og salg af virksomhed.\" \/>\n<meta property=\"og:url\" content=\"https:\/\/www.saxis.dk\/blog\/frederik-paa-20-hvis-du-ville-beholde-virksomheden-taenkte-du-ikke-paa-at-saelge-den\/\" \/>\n<meta property=\"og:site_name\" content=\"Saxis virksomhedsb\u00f8rs blog\" \/>\n<meta property=\"article:publisher\" content=\"https:\/\/www.facebook.com\/virksomhedsbors\/\" \/>\n<meta property=\"article:published_time\" content=\"2019-07-11T12:31:25+00:00\" \/>\n<meta property=\"article:modified_time\" content=\"2025-11-20T08:33:23+00:00\" \/>\n<meta property=\"og:image\" content=\"https:\/\/www.saxis.dk\/blog\/wp-content\/uploads\/2019\/07\/image1-e1562847809228.jpeg\" \/>\n\t<meta property=\"og:image:width\" content=\"1102\" \/>\n\t<meta property=\"og:image:height\" content=\"960\" \/>\n\t<meta property=\"og:image:type\" content=\"image\/jpeg\" \/>\n<meta name=\"author\" content=\"Mette Jeannot\" \/>\n<meta name=\"twitter:card\" content=\"summary_large_image\" \/>\n<meta name=\"twitter:creator\" content=\"@virksomhedsbors\" \/>\n<meta name=\"twitter:site\" content=\"@virksomhedsbors\" \/>\n<meta name=\"twitter:label1\" content=\"Skrevet af\" \/>\n\t<meta name=\"twitter:data1\" content=\"Mette Jeannot\" \/>\n\t<meta name=\"twitter:label2\" content=\"Estimeret l\u00e6setid\" \/>\n\t<meta name=\"twitter:data2\" content=\"5 minutter\" \/>\n<script type=\"application\/ld+json\" class=\"yoast-schema-graph\">{\"@context\":\"https:\\\/\\\/schema.org\",\"@graph\":[{\"@type\":\"Article\",\"@id\":\"https:\\\/\\\/www.saxis.dk\\\/blog\\\/frederik-paa-20-hvis-du-ville-beholde-virksomheden-taenkte-du-ikke-paa-at-saelge-den\\\/#article\",\"isPartOf\":{\"@id\":\"https:\\\/\\\/www.saxis.dk\\\/blog\\\/frederik-paa-20-hvis-du-ville-beholde-virksomheden-taenkte-du-ikke-paa-at-saelge-den\\\/\"},\"author\":{\"name\":\"Mette Jeannot\",\"@id\":\"https:\\\/\\\/www.saxis.dk\\\/blog\\\/#\\\/schema\\\/person\\\/7c2e254eb0bb2ca677f4483cec1e2194\"},\"headline\":\"Frederik p\u00e5 20: &#8220;Hvis du ville beholde virksomheden, t\u00e6nkte du ikke p\u00e5 at s\u00e6lge den&#8221;\",\"datePublished\":\"2019-07-11T12:31:25+00:00\",\"dateModified\":\"2025-11-20T08:33:23+00:00\",\"mainEntityOfPage\":{\"@id\":\"https:\\\/\\\/www.saxis.dk\\\/blog\\\/frederik-paa-20-hvis-du-ville-beholde-virksomheden-taenkte-du-ikke-paa-at-saelge-den\\\/\"},\"wordCount\":708,\"publisher\":{\"@id\":\"https:\\\/\\\/www.saxis.dk\\\/blog\\\/#organization\"},\"image\":{\"@id\":\"https:\\\/\\\/www.saxis.dk\\\/blog\\\/frederik-paa-20-hvis-du-ville-beholde-virksomheden-taenkte-du-ikke-paa-at-saelge-den\\\/#primaryimage\"},\"thumbnailUrl\":\"https:\\\/\\\/www.saxis.dk\\\/blog\\\/wp-content\\\/uploads\\\/2019\\\/07\\\/image1-e1562847809228.jpeg\",\"keywords\":[\"featured-home\"],\"articleSection\":[\"Artikler\",\"K\u00f8b og salg af virksomheder\",\"Salg af virksomhed\",\"S\u00e6lgercases\",\"S\u00e6lgere p\u00e5 Saxis\"],\"inLanguage\":\"da-DK\"},{\"@type\":\"WebPage\",\"@id\":\"https:\\\/\\\/www.saxis.dk\\\/blog\\\/frederik-paa-20-hvis-du-ville-beholde-virksomheden-taenkte-du-ikke-paa-at-saelge-den\\\/\",\"url\":\"https:\\\/\\\/www.saxis.dk\\\/blog\\\/frederik-paa-20-hvis-du-ville-beholde-virksomheden-taenkte-du-ikke-paa-at-saelge-den\\\/\",\"name\":\"Frederik p\u00e5 20: \\\"Hvis du ville forts\u00e6tte, t\u00e6nkte du ikke p\u00e5 salg\\\" | Saxis virksomhedsb\u00f8rs blog\",\"isPartOf\":{\"@id\":\"https:\\\/\\\/www.saxis.dk\\\/blog\\\/#website\"},\"primaryImageOfPage\":{\"@id\":\"https:\\\/\\\/www.saxis.dk\\\/blog\\\/frederik-paa-20-hvis-du-ville-beholde-virksomheden-taenkte-du-ikke-paa-at-saelge-den\\\/#primaryimage\"},\"image\":{\"@id\":\"https:\\\/\\\/www.saxis.dk\\\/blog\\\/frederik-paa-20-hvis-du-ville-beholde-virksomheden-taenkte-du-ikke-paa-at-saelge-den\\\/#primaryimage\"},\"thumbnailUrl\":\"https:\\\/\\\/www.saxis.dk\\\/blog\\\/wp-content\\\/uploads\\\/2019\\\/07\\\/image1-e1562847809228.jpeg\",\"datePublished\":\"2019-07-11T12:31:25+00:00\",\"dateModified\":\"2025-11-20T08:33:23+00:00\",\"description\":\"Frederik k\u00f8bte og solgte som 20\u2011\u00e5rig: Refleksioner over beslutninger, konsekvenser og l\u00e6ring fra tidlige k\u00f8b og salg af virksomhed.\",\"breadcrumb\":{\"@id\":\"https:\\\/\\\/www.saxis.dk\\\/blog\\\/frederik-paa-20-hvis-du-ville-beholde-virksomheden-taenkte-du-ikke-paa-at-saelge-den\\\/#breadcrumb\"},\"inLanguage\":\"da-DK\",\"potentialAction\":[{\"@type\":\"ReadAction\",\"target\":[\"https:\\\/\\\/www.saxis.dk\\\/blog\\\/frederik-paa-20-hvis-du-ville-beholde-virksomheden-taenkte-du-ikke-paa-at-saelge-den\\\/\"]}]},{\"@type\":\"ImageObject\",\"inLanguage\":\"da-DK\",\"@id\":\"https:\\\/\\\/www.saxis.dk\\\/blog\\\/frederik-paa-20-hvis-du-ville-beholde-virksomheden-taenkte-du-ikke-paa-at-saelge-den\\\/#primaryimage\",\"url\":\"https:\\\/\\\/www.saxis.dk\\\/blog\\\/wp-content\\\/uploads\\\/2019\\\/07\\\/image1-e1562847809228.jpeg\",\"contentUrl\":\"https:\\\/\\\/www.saxis.dk\\\/blog\\\/wp-content\\\/uploads\\\/2019\\\/07\\\/image1-e1562847809228.jpeg\",\"width\":1102,\"height\":960,\"caption\":\"Frederik har solgt sin virksomhed\"},{\"@type\":\"BreadcrumbList\",\"@id\":\"https:\\\/\\\/www.saxis.dk\\\/blog\\\/frederik-paa-20-hvis-du-ville-beholde-virksomheden-taenkte-du-ikke-paa-at-saelge-den\\\/#breadcrumb\",\"itemListElement\":[{\"@type\":\"ListItem\",\"position\":1,\"name\":\"Blog\",\"item\":\"https:\\\/\\\/www.saxis.dk\\\/blog\\\/\"},{\"@type\":\"ListItem\",\"position\":2,\"name\":\"Artikler\",\"item\":\"https:\\\/\\\/www.saxis.dk\\\/blog\\\/category\\\/artikler\\\/\"},{\"@type\":\"ListItem\",\"position\":3,\"name\":\"Frederik p\u00e5 20: &#8220;Hvis du ville beholde virksomheden, t\u00e6nkte du ikke p\u00e5 at s\u00e6lge den&#8221;\"}]},{\"@type\":\"WebSite\",\"@id\":\"https:\\\/\\\/www.saxis.dk\\\/blog\\\/#website\",\"url\":\"https:\\\/\\\/www.saxis.dk\\\/blog\\\/\",\"name\":\"Saxis virksomhedsb\u00f8rs blog\",\"description\":\"Blog om k\u00f8b og salg af virksomheder, g\u00e6steblogs fra Danmarks dygtigste virksomhedsledere og meget mere.\",\"publisher\":{\"@id\":\"https:\\\/\\\/www.saxis.dk\\\/blog\\\/#organization\"},\"potentialAction\":[{\"@type\":\"SearchAction\",\"target\":{\"@type\":\"EntryPoint\",\"urlTemplate\":\"https:\\\/\\\/www.saxis.dk\\\/blog\\\/?s={search_term_string}\"},\"query-input\":{\"@type\":\"PropertyValueSpecification\",\"valueRequired\":true,\"valueName\":\"search_term_string\"}}],\"inLanguage\":\"da-DK\"},{\"@type\":\"Organization\",\"@id\":\"https:\\\/\\\/www.saxis.dk\\\/blog\\\/#organization\",\"name\":\"Saxis Virksomhedsb\u00f8rs\",\"url\":\"https:\\\/\\\/www.saxis.dk\\\/blog\\\/\",\"logo\":{\"@type\":\"ImageObject\",\"inLanguage\":\"da-DK\",\"@id\":\"https:\\\/\\\/www.saxis.dk\\\/blog\\\/#\\\/schema\\\/logo\\\/image\\\/\",\"url\":\"https:\\\/\\\/www.saxis.dk\\\/blog\\\/wp-content\\\/uploads\\\/2018\\\/05\\\/logo-blog-saxis.png\",\"contentUrl\":\"https:\\\/\\\/www.saxis.dk\\\/blog\\\/wp-content\\\/uploads\\\/2018\\\/05\\\/logo-blog-saxis.png\",\"width\":916,\"height\":272,\"caption\":\"Saxis Virksomhedsb\u00f8rs\"},\"image\":{\"@id\":\"https:\\\/\\\/www.saxis.dk\\\/blog\\\/#\\\/schema\\\/logo\\\/image\\\/\"},\"sameAs\":[\"https:\\\/\\\/www.facebook.com\\\/virksomhedsbors\\\/\",\"https:\\\/\\\/x.com\\\/virksomhedsbors\"]},{\"@type\":\"Person\",\"@id\":\"https:\\\/\\\/www.saxis.dk\\\/blog\\\/#\\\/schema\\\/person\\\/7c2e254eb0bb2ca677f4483cec1e2194\",\"name\":\"Mette Jeannot\",\"image\":{\"@type\":\"ImageObject\",\"inLanguage\":\"da-DK\",\"@id\":\"https:\\\/\\\/secure.gravatar.com\\\/avatar\\\/b0c675d5b1f4d0c2760a168970ddd4216d210a5df3a530ac853796f24abee1b8?s=96&d=mm&r=g\",\"url\":\"https:\\\/\\\/secure.gravatar.com\\\/avatar\\\/b0c675d5b1f4d0c2760a168970ddd4216d210a5df3a530ac853796f24abee1b8?s=96&d=mm&r=g\",\"contentUrl\":\"https:\\\/\\\/secure.gravatar.com\\\/avatar\\\/b0c675d5b1f4d0c2760a168970ddd4216d210a5df3a530ac853796f24abee1b8?s=96&d=mm&r=g\",\"caption\":\"Mette Jeannot\"},\"url\":\"https:\\\/\\\/www.saxis.dk\\\/blog\\\/author\\\/mette\\\/\"}]}<\/script>\n<!-- \/ Yoast SEO plugin. -->","yoast_head_json":{"title":"Frederik p\u00e5 20: \"Hvis du ville forts\u00e6tte, t\u00e6nkte du ikke p\u00e5 salg\" | Saxis virksomhedsb\u00f8rs blog","description":"Frederik k\u00f8bte og solgte som 20\u2011\u00e5rig: Refleksioner over beslutninger, konsekvenser og l\u00e6ring fra tidlige k\u00f8b og salg af virksomhed.","robots":{"index":"index","follow":"follow","max-snippet":"max-snippet:-1","max-image-preview":"max-image-preview:large","max-video-preview":"max-video-preview:-1"},"canonical":"https:\/\/www.saxis.dk\/blog\/frederik-paa-20-hvis-du-ville-beholde-virksomheden-taenkte-du-ikke-paa-at-saelge-den\/","og_locale":"da_DK","og_type":"article","og_title":"Frederik p\u00e5 20: \"Hvis du ville forts\u00e6tte, t\u00e6nkte du ikke p\u00e5 salg\" | Saxis virksomhedsb\u00f8rs blog","og_description":"Frederik k\u00f8bte og solgte som 20\u2011\u00e5rig: Refleksioner over beslutninger, konsekvenser og l\u00e6ring fra tidlige k\u00f8b og salg af virksomhed.","og_url":"https:\/\/www.saxis.dk\/blog\/frederik-paa-20-hvis-du-ville-beholde-virksomheden-taenkte-du-ikke-paa-at-saelge-den\/","og_site_name":"Saxis virksomhedsb\u00f8rs blog","article_publisher":"https:\/\/www.facebook.com\/virksomhedsbors\/","article_published_time":"2019-07-11T12:31:25+00:00","article_modified_time":"2025-11-20T08:33:23+00:00","og_image":[{"width":1102,"height":960,"url":"https:\/\/www.saxis.dk\/blog\/wp-content\/uploads\/2019\/07\/image1-e1562847809228.jpeg","type":"image\/jpeg"}],"author":"Mette Jeannot","twitter_card":"summary_large_image","twitter_creator":"@virksomhedsbors","twitter_site":"@virksomhedsbors","twitter_misc":{"Skrevet af":"Mette Jeannot","Estimeret l\u00e6setid":"5 minutter"},"schema":{"@context":"https:\/\/schema.org","@graph":[{"@type":"Article","@id":"https:\/\/www.saxis.dk\/blog\/frederik-paa-20-hvis-du-ville-beholde-virksomheden-taenkte-du-ikke-paa-at-saelge-den\/#article","isPartOf":{"@id":"https:\/\/www.saxis.dk\/blog\/frederik-paa-20-hvis-du-ville-beholde-virksomheden-taenkte-du-ikke-paa-at-saelge-den\/"},"author":{"name":"Mette Jeannot","@id":"https:\/\/www.saxis.dk\/blog\/#\/schema\/person\/7c2e254eb0bb2ca677f4483cec1e2194"},"headline":"Frederik p\u00e5 20: &#8220;Hvis du ville beholde virksomheden, t\u00e6nkte du ikke p\u00e5 at s\u00e6lge den&#8221;","datePublished":"2019-07-11T12:31:25+00:00","dateModified":"2025-11-20T08:33:23+00:00","mainEntityOfPage":{"@id":"https:\/\/www.saxis.dk\/blog\/frederik-paa-20-hvis-du-ville-beholde-virksomheden-taenkte-du-ikke-paa-at-saelge-den\/"},"wordCount":708,"publisher":{"@id":"https:\/\/www.saxis.dk\/blog\/#organization"},"image":{"@id":"https:\/\/www.saxis.dk\/blog\/frederik-paa-20-hvis-du-ville-beholde-virksomheden-taenkte-du-ikke-paa-at-saelge-den\/#primaryimage"},"thumbnailUrl":"https:\/\/www.saxis.dk\/blog\/wp-content\/uploads\/2019\/07\/image1-e1562847809228.jpeg","keywords":["featured-home"],"articleSection":["Artikler","K\u00f8b og salg af virksomheder","Salg af virksomhed","S\u00e6lgercases","S\u00e6lgere p\u00e5 Saxis"],"inLanguage":"da-DK"},{"@type":"WebPage","@id":"https:\/\/www.saxis.dk\/blog\/frederik-paa-20-hvis-du-ville-beholde-virksomheden-taenkte-du-ikke-paa-at-saelge-den\/","url":"https:\/\/www.saxis.dk\/blog\/frederik-paa-20-hvis-du-ville-beholde-virksomheden-taenkte-du-ikke-paa-at-saelge-den\/","name":"Frederik p\u00e5 20: \"Hvis du ville forts\u00e6tte, t\u00e6nkte du ikke p\u00e5 salg\" | Saxis virksomhedsb\u00f8rs blog","isPartOf":{"@id":"https:\/\/www.saxis.dk\/blog\/#website"},"primaryImageOfPage":{"@id":"https:\/\/www.saxis.dk\/blog\/frederik-paa-20-hvis-du-ville-beholde-virksomheden-taenkte-du-ikke-paa-at-saelge-den\/#primaryimage"},"image":{"@id":"https:\/\/www.saxis.dk\/blog\/frederik-paa-20-hvis-du-ville-beholde-virksomheden-taenkte-du-ikke-paa-at-saelge-den\/#primaryimage"},"thumbnailUrl":"https:\/\/www.saxis.dk\/blog\/wp-content\/uploads\/2019\/07\/image1-e1562847809228.jpeg","datePublished":"2019-07-11T12:31:25+00:00","dateModified":"2025-11-20T08:33:23+00:00","description":"Frederik k\u00f8bte og solgte som 20\u2011\u00e5rig: Refleksioner over beslutninger, konsekvenser og l\u00e6ring fra tidlige k\u00f8b og salg af virksomhed.","breadcrumb":{"@id":"https:\/\/www.saxis.dk\/blog\/frederik-paa-20-hvis-du-ville-beholde-virksomheden-taenkte-du-ikke-paa-at-saelge-den\/#breadcrumb"},"inLanguage":"da-DK","potentialAction":[{"@type":"ReadAction","target":["https:\/\/www.saxis.dk\/blog\/frederik-paa-20-hvis-du-ville-beholde-virksomheden-taenkte-du-ikke-paa-at-saelge-den\/"]}]},{"@type":"ImageObject","inLanguage":"da-DK","@id":"https:\/\/www.saxis.dk\/blog\/frederik-paa-20-hvis-du-ville-beholde-virksomheden-taenkte-du-ikke-paa-at-saelge-den\/#primaryimage","url":"https:\/\/www.saxis.dk\/blog\/wp-content\/uploads\/2019\/07\/image1-e1562847809228.jpeg","contentUrl":"https:\/\/www.saxis.dk\/blog\/wp-content\/uploads\/2019\/07\/image1-e1562847809228.jpeg","width":1102,"height":960,"caption":"Frederik har solgt sin virksomhed"},{"@type":"BreadcrumbList","@id":"https:\/\/www.saxis.dk\/blog\/frederik-paa-20-hvis-du-ville-beholde-virksomheden-taenkte-du-ikke-paa-at-saelge-den\/#breadcrumb","itemListElement":[{"@type":"ListItem","position":1,"name":"Blog","item":"https:\/\/www.saxis.dk\/blog\/"},{"@type":"ListItem","position":2,"name":"Artikler","item":"https:\/\/www.saxis.dk\/blog\/category\/artikler\/"},{"@type":"ListItem","position":3,"name":"Frederik p\u00e5 20: &#8220;Hvis du ville beholde virksomheden, t\u00e6nkte du ikke p\u00e5 at s\u00e6lge den&#8221;"}]},{"@type":"WebSite","@id":"https:\/\/www.saxis.dk\/blog\/#website","url":"https:\/\/www.saxis.dk\/blog\/","name":"Saxis virksomhedsb\u00f8rs blog","description":"Blog om k\u00f8b og salg af virksomheder, g\u00e6steblogs fra Danmarks dygtigste virksomhedsledere og meget mere.","publisher":{"@id":"https:\/\/www.saxis.dk\/blog\/#organization"},"potentialAction":[{"@type":"SearchAction","target":{"@type":"EntryPoint","urlTemplate":"https:\/\/www.saxis.dk\/blog\/?s={search_term_string}"},"query-input":{"@type":"PropertyValueSpecification","valueRequired":true,"valueName":"search_term_string"}}],"inLanguage":"da-DK"},{"@type":"Organization","@id":"https:\/\/www.saxis.dk\/blog\/#organization","name":"Saxis Virksomhedsb\u00f8rs","url":"https:\/\/www.saxis.dk\/blog\/","logo":{"@type":"ImageObject","inLanguage":"da-DK","@id":"https:\/\/www.saxis.dk\/blog\/#\/schema\/logo\/image\/","url":"https:\/\/www.saxis.dk\/blog\/wp-content\/uploads\/2018\/05\/logo-blog-saxis.png","contentUrl":"https:\/\/www.saxis.dk\/blog\/wp-content\/uploads\/2018\/05\/logo-blog-saxis.png","width":916,"height":272,"caption":"Saxis Virksomhedsb\u00f8rs"},"image":{"@id":"https:\/\/www.saxis.dk\/blog\/#\/schema\/logo\/image\/"},"sameAs":["https:\/\/www.facebook.com\/virksomhedsbors\/","https:\/\/x.com\/virksomhedsbors"]},{"@type":"Person","@id":"https:\/\/www.saxis.dk\/blog\/#\/schema\/person\/7c2e254eb0bb2ca677f4483cec1e2194","name":"Mette Jeannot","image":{"@type":"ImageObject","inLanguage":"da-DK","@id":"https:\/\/secure.gravatar.com\/avatar\/b0c675d5b1f4d0c2760a168970ddd4216d210a5df3a530ac853796f24abee1b8?s=96&d=mm&r=g","url":"https:\/\/secure.gravatar.com\/avatar\/b0c675d5b1f4d0c2760a168970ddd4216d210a5df3a530ac853796f24abee1b8?s=96&d=mm&r=g","contentUrl":"https:\/\/secure.gravatar.com\/avatar\/b0c675d5b1f4d0c2760a168970ddd4216d210a5df3a530ac853796f24abee1b8?s=96&d=mm&r=g","caption":"Mette Jeannot"},"url":"https:\/\/www.saxis.dk\/blog\/author\/mette\/"}]}},"_links":{"self":[{"href":"https:\/\/www.saxis.dk\/blog\/wp-json\/wp\/v2\/posts\/7143","targetHints":{"allow":["GET"]}}],"collection":[{"href":"https:\/\/www.saxis.dk\/blog\/wp-json\/wp\/v2\/posts"}],"about":[{"href":"https:\/\/www.saxis.dk\/blog\/wp-json\/wp\/v2\/types\/post"}],"author":[{"embeddable":true,"href":"https:\/\/www.saxis.dk\/blog\/wp-json\/wp\/v2\/users\/18"}],"replies":[{"embeddable":true,"href":"https:\/\/www.saxis.dk\/blog\/wp-json\/wp\/v2\/comments?post=7143"}],"version-history":[{"count":4,"href":"https:\/\/www.saxis.dk\/blog\/wp-json\/wp\/v2\/posts\/7143\/revisions"}],"predecessor-version":[{"id":7281,"href":"https:\/\/www.saxis.dk\/blog\/wp-json\/wp\/v2\/posts\/7143\/revisions\/7281"}],"wp:featuredmedia":[{"embeddable":true,"href":"https:\/\/www.saxis.dk\/blog\/wp-json\/wp\/v2\/media\/7144"}],"wp:attachment":[{"href":"https:\/\/www.saxis.dk\/blog\/wp-json\/wp\/v2\/media?parent=7143"}],"wp:term":[{"taxonomy":"category","embeddable":true,"href":"https:\/\/www.saxis.dk\/blog\/wp-json\/wp\/v2\/categories?post=7143"},{"taxonomy":"post_tag","embeddable":true,"href":"https:\/\/www.saxis.dk\/blog\/wp-json\/wp\/v2\/tags?post=7143"}],"curies":[{"name":"wp","href":"https:\/\/api.w.org\/{rel}","templated":true}]}}