{"id":6260,"date":"2018-10-10T21:32:37","date_gmt":"2018-10-10T19:32:37","guid":{"rendered":"https:\/\/www.saxis.dk\/blog\/?p=6260"},"modified":"2025-11-27T21:07:57","modified_gmt":"2025-11-27T20:07:57","slug":"velbekomme-saadan-siger-christian-og-hans-kaereste-nu-efter-koeb-af-deres-nye-cateringvirksomhed","status":"publish","type":"post","link":"https:\/\/www.saxis.dk\/blog\/velbekomme-saadan-siger-christian-og-hans-kaereste-nu-efter-koeb-af-deres-nye-cateringvirksomhed\/","title":{"rendered":"&#8220;Velbekomme&#8221; siger Christian og hans k\u00e6reste efter k\u00f8b af deres nye cateringvirksomhed"},"content":{"rendered":"<p><img loading=\"lazy\" decoding=\"async\" class=\"alignnone size-full wp-image-6294\" src=\"https:\/\/www.saxis.dk\/blog\/wp-content\/uploads\/2018\/10\/collage.jpg\" alt=\"\" width=\"1274\" height=\"841\" \/><\/p>\n<p>Christian k\u00f8bte <a href=\"https:\/\/velbekomme.nu\/\" target=\"_blank\" rel=\"noopener\">Velbekomme.nu<\/a> for at pr\u00f8ve noget nyt og f\u00e5 lov at arbejde t\u00e6t med sin k\u00e6reste. Nu driver de deres f\u00e6lles cateringvirksomhed sammen og f\u00e5r lov at dele ud af deres sk\u00f8nne mad, lavet med k\u00e6rlighed.<\/p>\n<h3><span style=\"font-weight: 400;\">Kan du forklare lidt om dig\/jer?<\/span><\/h3>\n<p><span style=\"font-weight: 400;\">Jeg hedder Christian Nedergaard og kommer fra Odense, hvor jeg er opvokset og har boet stort set hele mit liv. Jeg er oprindeligt uddannet IT supporter, som jeg har arbejdet som i en del \u00e5r. <\/span><\/p>\n<p><span style=\"font-weight: 400;\">De sidste 5 \u00e5r har jeg arbejdet som teamleder i en IT afdeling i en stor Offentlig organisation. Jeg har altid dr\u00f8mt om at v\u00e6re selvst\u00e6ndig og har l\u00e6nge ledt efter en virksomhed som kunne v\u00e6re interessant. <\/span><\/p>\n<p><span style=\"font-weight: 400;\">Min k\u00e6reste har lidt erfaring fra en f\u00f8devarevirksomhed og ville pr\u00f8ve noget nyt. Da vi faldt over salgs annoncen virkede det derfor som en oplagt mulighed for at starte noget selv, hvor vi kunne sikre en oms\u00e6tning fra dag 1. <\/span><\/p>\n<p>&nbsp;<\/p>\n<div class=\"highlight-block\">L\u00e6s ogs\u00e5 bloggen: <a href=\"https:\/\/www.saxis.dk\/blog\/droemmen-om-kam-og-saks-blev-til-webshop-med-baby-udstyr\/\" target=\"_blank\" rel=\"noopener\">Dr\u00f8mmen om kam og saks blev til webshop med baby udstyr<\/a><\/div>\n<p>&nbsp;<\/p>\n<h3><span style=\"font-weight: 400;\">Hvorfor k\u00f8bte du virksomheden?<\/span><\/h3>\n<p><span style=\"font-weight: 400;\">\u00c5rsagen var at min k\u00e6reste ville pr\u00f8ve noget nyt og jeg har altid dr\u00f8mt om at starte noget selv og det var derfor en oplagt mulighed, da vi kan supplere hinanden. Min k\u00e6reste st\u00e5r for den daglige produktion og drift og jeg selv st\u00e5r for markedsf\u00f8ring og webshop.<\/span><\/p>\n<h3><span style=\"font-weight: 400;\">Hvad betyder det for dig personligt at du er blevet virksomhedsejer?<\/span><\/h3>\n<p><span style=\"font-weight: 400;\">Det betyder at jeg har muligheden for at opbygge en allerede eksisterende forretning og kan se at de timer jeg bruger giver endnu mere igen. Jeg har ikke f\u00e5et mere fritid, men det at arbejde for sig selv, giver rigtig meget igen og lysten til at udvikle forretningen er enorm.<\/span><\/p>\n<p><span style=\"font-weight: 400;\">Jeg er som ejer stadig ansat, og arbejder i vores nye virksomhed ved siden af. Selvom der arbejdes mange timer hver dag, er det en forn\u00f8jelse at arbejde p\u00e5 sig selv og tiden g\u00e5r alt for hurtigt. Min k\u00e6reste arbejder p\u00e5 fuld tid i virksomheden og synes det er dejligt selv at bestemme hvad der skal ske og selv styre sin hverdag. <\/span><\/p>\n<p><span style=\"font-weight: 400;\">Konklusionen er: det er fedt at v\u00e6re selvst\u00e6ndig<\/span><\/p>\n<p>&nbsp;<\/p>\n<p style=\"text-align: center;\"><img loading=\"lazy\" decoding=\"async\" class=\"alignnone size-large wp-image-6265\" src=\"https:\/\/www.saxis.dk\/blog\/wp-content\/uploads\/2018\/10\/collage2-1024x676.jpg\" alt=\"\" width=\"640\" height=\"423\" srcset=\"https:\/\/www.saxis.dk\/blog\/wp-content\/uploads\/2018\/10\/collage2-1024x676.jpg 1024w, https:\/\/www.saxis.dk\/blog\/wp-content\/uploads\/2018\/10\/collage2-300x198.jpg 300w, https:\/\/www.saxis.dk\/blog\/wp-content\/uploads\/2018\/10\/collage2-768x507.jpg 768w, https:\/\/www.saxis.dk\/blog\/wp-content\/uploads\/2018\/10\/collage2.jpg 1274w\" sizes=\"auto, (max-width: 640px) 100vw, 640px\" \/><\/p>\n<p>&nbsp;<\/p>\n<h3><span style=\"font-weight: 400;\">Hvorfor blev det gennem Saxis Virksomhedsb\u00f8rs, at investeringen skete?<\/span><\/h3>\n<p><span style=\"font-weight: 400;\">Jeg fandt Saxis igennem Amino, hvor jeg igennem lang tid har fulgt med i, hvilke virksomheder som kunne v\u00e6re interessant at k\u00f8be.<\/span><\/p>\n<p><span style=\"font-weight: 400;\">Jeg har egentlig altid gerne ville v\u00e6re selvst\u00e6ndig og har ogs\u00e5 fors\u00f8gt med flere ting igennem \u00e5rene. Denne gang startede det ogs\u00e5 som en spontan ide sammen med min k\u00e6reste, hvor vi syntes det kunne v\u00e6re fedt at v\u00e6re selvst\u00e6ndige sammen og inden vi s\u00e5 os om, var vi sprunget ud i det.<\/span><\/p>\n<p>&nbsp;<\/p>\n<div class=\"highlight-block\">L\u00e6s ogs\u00e5 bloggen om: <a href=\"https:\/\/www.saxis.dk\/blog\/familie-frihed-og-fortjeneste\/\" target=\"_blank\" rel=\"noopener\">Familie, frihed og fortjeneste \u2013 Rikkes historie om at v\u00e6re iv\u00e6rks\u00e6tter og mor til 4<\/a><\/div>\n<p>&nbsp;<\/p>\n<h3><span style=\"font-weight: 400;\">Hvordan er det at arbejde s\u00e5 t\u00e6t sammen med din k\u00e6reste?<\/span><\/h3>\n<p><span style=\"font-weight: 400;\">Det er fedt at arbejde sammen med min k\u00e6reste, for det g\u00f8r at vi kan lave nogle f\u00e6lles m\u00e5l for forretningen og hvad vi har af planer for fremtiden. Og p\u00e5 den private side, l\u00e6rer man bare hinanden rigtig godt at kende n\u00e5r man ogs\u00e5 arbejder sammen.<\/span><\/p>\n<p>&nbsp;<\/p>\n<blockquote>\n<blockquote class=\"blockquote\">\n<p style=\"text-align: center;\"><em><cite><span style=\"font-weight: 400; color: black;\">&#8220;<strong>Alt i alt er det fantastisk at kunne starte en forretning sammen med sin k\u00e6reste, det er jo et eventyr vi skal ud p\u00e5, og det er da l\u00e6kkert at kunne tage afsted sammen.<\/strong>&#8220;<\/span><\/cite><\/em><\/p>\n<\/blockquote>\n<p>&nbsp;<\/p><\/blockquote>\n<h3><span style=\"font-weight: 400;\">Hvad er fremtidsplanerne for din nye virksomhed? <\/span><\/h3>\n<p><span style=\"font-weight: 400;\">Planerne er at bygge videre p\u00e5 virksomheden, s\u00e5 vi i fremtiden kan udvide og ans\u00e6tte mere personale s\u00e5 vi kan levere frokost til endnu flere kunder. Ideerne til hvordan dette kan lykkes er mange.<\/span><\/p>\n<h3><span style=\"font-weight: 400;\">Hvordan har din oplevelse v\u00e6ret af processen med at finde en s\u00e6lger, tage kontakt og lave en aftale gennem Saxis Virksomhedsb\u00f8rs?<\/span><\/h3>\n<p><span style=\"font-weight: 400;\">Det har v\u00e6ret en meget nem process. Der gik ikke l\u00e6nge fra kontakt til k\u00f8b. Saxis gjorde det nemt og overskueligt at finde den virksomhed som passer lige til os. <\/span><\/p>\n<p><span style=\"font-weight: 400;\">I forhold til brugen af Saxis, var det meget nemt at finde en sp\u00e6ndende virksomhed. Man kan nemt s\u00f8ge p\u00e5 den branche som man er interesseret i. <\/span><\/p>\n<p><span style=\"font-weight: 400;\">Jeg skrev til s\u00e6lger og blev derefter kontaktet hvor vi aftalte et m\u00f8de. Det hele gik rigtig hurtigt og inden vi s\u00e5 os om, havde vi k\u00f8bt Velbekomme. <\/span><\/p>\n<p>&nbsp;<\/p>\n<p>Se flere l\u00e6kre sandwiches, salater og wraps m.m. her:<\/p>\n<p><a href=\"https:\/\/velbekomme.nu\/\" target=\"_blank\" rel=\"noopener\"><img loading=\"lazy\" decoding=\"async\" class=\"alignnone\" src=\"https:\/\/cdn.shopify.com\/s\/files\/1\/2627\/6556\/files\/Logo_edited_180x.jpg?v=1537355679\" alt=\"\" width=\"180\" height=\"99\" \/><\/a><\/p>\n","protected":false},"excerpt":{"rendered":"<p>Christian k\u00f8bte Velbekomme.nu for at pr\u00f8ve noget nyt og f\u00e5 lov at arbejde t\u00e6t med sin k\u00e6reste. Nu driver de deres f\u00e6lles cateringvirksomhed sammen og f\u00e5r lov at dele ud af deres sk\u00f8nne mad, lavet med k\u00e6rlighed. Kan du forklare lidt om dig\/jer? Jeg hedder Christian Nedergaard og kommer fra Odense, hvor jeg er opvokset&#8230;<\/p>\n<p><a class=\"btn read-more-button understrap-read-more-link\" href=\"https:\/\/www.saxis.dk\/blog\/velbekomme-saadan-siger-christian-og-hans-kaereste-nu-efter-koeb-af-deres-nye-cateringvirksomhed\/\">L\u00e6s mere&#8230;<\/a><\/p>\n","protected":false},"author":18,"featured_media":6262,"comment_status":"closed","ping_status":"closed","sticky":false,"template":"","format":"standard","meta":{"footnotes":""},"categories":[36],"tags":[123,132,121,101],"class_list":["post-6260","post","type-post","status-publish","format-standard","has-post-thumbnail","hentry","category-koebercases-artikler","tag-cases","tag-catering","tag-featured-home","tag-koeb-og-salg-af-virksomheder"],"yoast_head":"<!-- This site is optimized with the Yoast SEO plugin v27.4 - https:\/\/yoast.com\/product\/yoast-seo-wordpress\/ -->\n<title>&quot;Velbekomme&quot; siger Christian og k\u00e6reste efter k\u00f8b af cateringfirma | Saxis virksomhedsb\u00f8rs blog<\/title>\n<meta name=\"description\" content=\"Par overtager cateringvirksomhed via Saxis: L\u00e6s om skiftet, hverdagen som selvst\u00e6ndige og deres erfaringer med k\u00f8b af virksomhed.\" \/>\n<meta name=\"robots\" content=\"index, follow, max-snippet:-1, max-image-preview:large, max-video-preview:-1\" \/>\n<link rel=\"canonical\" href=\"https:\/\/www.saxis.dk\/blog\/velbekomme-saadan-siger-christian-og-hans-kaereste-nu-efter-koeb-af-deres-nye-cateringvirksomhed\/\" \/>\n<meta property=\"og:locale\" content=\"da_DK\" \/>\n<meta property=\"og:type\" content=\"article\" \/>\n<meta property=\"og:title\" content=\"&quot;Velbekomme&quot; siger Christian og k\u00e6reste efter k\u00f8b af cateringfirma | Saxis virksomhedsb\u00f8rs blog\" \/>\n<meta property=\"og:description\" content=\"Par overtager cateringvirksomhed via Saxis: L\u00e6s om skiftet, hverdagen som selvst\u00e6ndige og deres erfaringer med k\u00f8b af virksomhed.\" \/>\n<meta property=\"og:url\" content=\"https:\/\/www.saxis.dk\/blog\/velbekomme-saadan-siger-christian-og-hans-kaereste-nu-efter-koeb-af-deres-nye-cateringvirksomhed\/\" \/>\n<meta property=\"og:site_name\" content=\"Saxis virksomhedsb\u00f8rs blog\" \/>\n<meta property=\"article:publisher\" content=\"https:\/\/www.facebook.com\/virksomhedsbors\/\" \/>\n<meta property=\"article:published_time\" content=\"2018-10-10T19:32:37+00:00\" \/>\n<meta property=\"article:modified_time\" content=\"2025-11-27T20:07:57+00:00\" \/>\n<meta property=\"og:image\" content=\"https:\/\/www.saxis.dk\/blog\/wp-content\/uploads\/2018\/10\/collage.jpg\" \/>\n\t<meta property=\"og:image:width\" content=\"1274\" \/>\n\t<meta property=\"og:image:height\" content=\"841\" \/>\n\t<meta property=\"og:image:type\" content=\"image\/jpeg\" \/>\n<meta name=\"author\" content=\"Mette Jeannot\" \/>\n<meta name=\"twitter:card\" content=\"summary_large_image\" \/>\n<meta name=\"twitter:creator\" content=\"@virksomhedsbors\" \/>\n<meta name=\"twitter:site\" content=\"@virksomhedsbors\" \/>\n<meta name=\"twitter:label1\" content=\"Skrevet af\" \/>\n\t<meta name=\"twitter:data1\" content=\"Mette Jeannot\" \/>\n\t<meta name=\"twitter:label2\" content=\"Estimeret l\u00e6setid\" \/>\n\t<meta name=\"twitter:data2\" content=\"5 minutter\" \/>\n<script type=\"application\/ld+json\" class=\"yoast-schema-graph\">{\"@context\":\"https:\\\/\\\/schema.org\",\"@graph\":[{\"@type\":\"Article\",\"@id\":\"https:\\\/\\\/www.saxis.dk\\\/blog\\\/velbekomme-saadan-siger-christian-og-hans-kaereste-nu-efter-koeb-af-deres-nye-cateringvirksomhed\\\/#article\",\"isPartOf\":{\"@id\":\"https:\\\/\\\/www.saxis.dk\\\/blog\\\/velbekomme-saadan-siger-christian-og-hans-kaereste-nu-efter-koeb-af-deres-nye-cateringvirksomhed\\\/\"},\"author\":{\"name\":\"Mette Jeannot\",\"@id\":\"https:\\\/\\\/www.saxis.dk\\\/blog\\\/#\\\/schema\\\/person\\\/7c2e254eb0bb2ca677f4483cec1e2194\"},\"headline\":\"&#8220;Velbekomme&#8221; siger Christian og hans k\u00e6reste efter k\u00f8b af deres nye cateringvirksomhed\",\"datePublished\":\"2018-10-10T19:32:37+00:00\",\"dateModified\":\"2025-11-27T20:07:57+00:00\",\"mainEntityOfPage\":{\"@id\":\"https:\\\/\\\/www.saxis.dk\\\/blog\\\/velbekomme-saadan-siger-christian-og-hans-kaereste-nu-efter-koeb-af-deres-nye-cateringvirksomhed\\\/\"},\"wordCount\":795,\"publisher\":{\"@id\":\"https:\\\/\\\/www.saxis.dk\\\/blog\\\/#organization\"},\"image\":{\"@id\":\"https:\\\/\\\/www.saxis.dk\\\/blog\\\/velbekomme-saadan-siger-christian-og-hans-kaereste-nu-efter-koeb-af-deres-nye-cateringvirksomhed\\\/#primaryimage\"},\"thumbnailUrl\":\"https:\\\/\\\/www.saxis.dk\\\/blog\\\/wp-content\\\/uploads\\\/2018\\\/10\\\/collage.jpg\",\"keywords\":[\"cases\",\"Catering\",\"featured-home\",\"k\u00f8b og salg af virksomheder\"],\"articleSection\":[\"K\u00f8bercases\"],\"inLanguage\":\"da-DK\"},{\"@type\":\"WebPage\",\"@id\":\"https:\\\/\\\/www.saxis.dk\\\/blog\\\/velbekomme-saadan-siger-christian-og-hans-kaereste-nu-efter-koeb-af-deres-nye-cateringvirksomhed\\\/\",\"url\":\"https:\\\/\\\/www.saxis.dk\\\/blog\\\/velbekomme-saadan-siger-christian-og-hans-kaereste-nu-efter-koeb-af-deres-nye-cateringvirksomhed\\\/\",\"name\":\"\\\"Velbekomme\\\" siger Christian og k\u00e6reste efter k\u00f8b af cateringfirma | Saxis virksomhedsb\u00f8rs blog\",\"isPartOf\":{\"@id\":\"https:\\\/\\\/www.saxis.dk\\\/blog\\\/#website\"},\"primaryImageOfPage\":{\"@id\":\"https:\\\/\\\/www.saxis.dk\\\/blog\\\/velbekomme-saadan-siger-christian-og-hans-kaereste-nu-efter-koeb-af-deres-nye-cateringvirksomhed\\\/#primaryimage\"},\"image\":{\"@id\":\"https:\\\/\\\/www.saxis.dk\\\/blog\\\/velbekomme-saadan-siger-christian-og-hans-kaereste-nu-efter-koeb-af-deres-nye-cateringvirksomhed\\\/#primaryimage\"},\"thumbnailUrl\":\"https:\\\/\\\/www.saxis.dk\\\/blog\\\/wp-content\\\/uploads\\\/2018\\\/10\\\/collage.jpg\",\"datePublished\":\"2018-10-10T19:32:37+00:00\",\"dateModified\":\"2025-11-27T20:07:57+00:00\",\"description\":\"Par overtager cateringvirksomhed via Saxis: L\u00e6s om skiftet, hverdagen som selvst\u00e6ndige og deres erfaringer med k\u00f8b af virksomhed.\",\"breadcrumb\":{\"@id\":\"https:\\\/\\\/www.saxis.dk\\\/blog\\\/velbekomme-saadan-siger-christian-og-hans-kaereste-nu-efter-koeb-af-deres-nye-cateringvirksomhed\\\/#breadcrumb\"},\"inLanguage\":\"da-DK\",\"potentialAction\":[{\"@type\":\"ReadAction\",\"target\":[\"https:\\\/\\\/www.saxis.dk\\\/blog\\\/velbekomme-saadan-siger-christian-og-hans-kaereste-nu-efter-koeb-af-deres-nye-cateringvirksomhed\\\/\"]}]},{\"@type\":\"ImageObject\",\"inLanguage\":\"da-DK\",\"@id\":\"https:\\\/\\\/www.saxis.dk\\\/blog\\\/velbekomme-saadan-siger-christian-og-hans-kaereste-nu-efter-koeb-af-deres-nye-cateringvirksomhed\\\/#primaryimage\",\"url\":\"https:\\\/\\\/www.saxis.dk\\\/blog\\\/wp-content\\\/uploads\\\/2018\\\/10\\\/collage.jpg\",\"contentUrl\":\"https:\\\/\\\/www.saxis.dk\\\/blog\\\/wp-content\\\/uploads\\\/2018\\\/10\\\/collage.jpg\",\"width\":1274,\"height\":841},{\"@type\":\"BreadcrumbList\",\"@id\":\"https:\\\/\\\/www.saxis.dk\\\/blog\\\/velbekomme-saadan-siger-christian-og-hans-kaereste-nu-efter-koeb-af-deres-nye-cateringvirksomhed\\\/#breadcrumb\",\"itemListElement\":[{\"@type\":\"ListItem\",\"position\":1,\"name\":\"Blog\",\"item\":\"https:\\\/\\\/www.saxis.dk\\\/blog\\\/\"},{\"@type\":\"ListItem\",\"position\":2,\"name\":\"Artikler\",\"item\":\"https:\\\/\\\/www.saxis.dk\\\/blog\\\/category\\\/artikler\\\/\"},{\"@type\":\"ListItem\",\"position\":3,\"name\":\"K\u00f8bercases\",\"item\":\"https:\\\/\\\/www.saxis.dk\\\/blog\\\/category\\\/artikler\\\/koebercases-artikler\\\/\"},{\"@type\":\"ListItem\",\"position\":4,\"name\":\"&#8220;Velbekomme&#8221; siger Christian og hans k\u00e6reste efter k\u00f8b af deres nye cateringvirksomhed\"}]},{\"@type\":\"WebSite\",\"@id\":\"https:\\\/\\\/www.saxis.dk\\\/blog\\\/#website\",\"url\":\"https:\\\/\\\/www.saxis.dk\\\/blog\\\/\",\"name\":\"Saxis virksomhedsb\u00f8rs blog\",\"description\":\"Blog om k\u00f8b og salg af virksomheder, g\u00e6steblogs fra Danmarks dygtigste virksomhedsledere og meget mere.\",\"publisher\":{\"@id\":\"https:\\\/\\\/www.saxis.dk\\\/blog\\\/#organization\"},\"potentialAction\":[{\"@type\":\"SearchAction\",\"target\":{\"@type\":\"EntryPoint\",\"urlTemplate\":\"https:\\\/\\\/www.saxis.dk\\\/blog\\\/?s={search_term_string}\"},\"query-input\":{\"@type\":\"PropertyValueSpecification\",\"valueRequired\":true,\"valueName\":\"search_term_string\"}}],\"inLanguage\":\"da-DK\"},{\"@type\":\"Organization\",\"@id\":\"https:\\\/\\\/www.saxis.dk\\\/blog\\\/#organization\",\"name\":\"Saxis Virksomhedsb\u00f8rs\",\"url\":\"https:\\\/\\\/www.saxis.dk\\\/blog\\\/\",\"logo\":{\"@type\":\"ImageObject\",\"inLanguage\":\"da-DK\",\"@id\":\"https:\\\/\\\/www.saxis.dk\\\/blog\\\/#\\\/schema\\\/logo\\\/image\\\/\",\"url\":\"https:\\\/\\\/www.saxis.dk\\\/blog\\\/wp-content\\\/uploads\\\/2018\\\/05\\\/logo-blog-saxis.png\",\"contentUrl\":\"https:\\\/\\\/www.saxis.dk\\\/blog\\\/wp-content\\\/uploads\\\/2018\\\/05\\\/logo-blog-saxis.png\",\"width\":916,\"height\":272,\"caption\":\"Saxis Virksomhedsb\u00f8rs\"},\"image\":{\"@id\":\"https:\\\/\\\/www.saxis.dk\\\/blog\\\/#\\\/schema\\\/logo\\\/image\\\/\"},\"sameAs\":[\"https:\\\/\\\/www.facebook.com\\\/virksomhedsbors\\\/\",\"https:\\\/\\\/x.com\\\/virksomhedsbors\"]},{\"@type\":\"Person\",\"@id\":\"https:\\\/\\\/www.saxis.dk\\\/blog\\\/#\\\/schema\\\/person\\\/7c2e254eb0bb2ca677f4483cec1e2194\",\"name\":\"Mette Jeannot\",\"image\":{\"@type\":\"ImageObject\",\"inLanguage\":\"da-DK\",\"@id\":\"https:\\\/\\\/secure.gravatar.com\\\/avatar\\\/b0c675d5b1f4d0c2760a168970ddd4216d210a5df3a530ac853796f24abee1b8?s=96&d=mm&r=g\",\"url\":\"https:\\\/\\\/secure.gravatar.com\\\/avatar\\\/b0c675d5b1f4d0c2760a168970ddd4216d210a5df3a530ac853796f24abee1b8?s=96&d=mm&r=g\",\"contentUrl\":\"https:\\\/\\\/secure.gravatar.com\\\/avatar\\\/b0c675d5b1f4d0c2760a168970ddd4216d210a5df3a530ac853796f24abee1b8?s=96&d=mm&r=g\",\"caption\":\"Mette Jeannot\"},\"url\":\"https:\\\/\\\/www.saxis.dk\\\/blog\\\/author\\\/mette\\\/\"}]}<\/script>\n<!-- \/ Yoast SEO plugin. -->","yoast_head_json":{"title":"\"Velbekomme\" siger Christian og k\u00e6reste efter k\u00f8b af cateringfirma | Saxis virksomhedsb\u00f8rs blog","description":"Par overtager cateringvirksomhed via Saxis: L\u00e6s om skiftet, hverdagen som selvst\u00e6ndige og deres erfaringer med k\u00f8b af virksomhed.","robots":{"index":"index","follow":"follow","max-snippet":"max-snippet:-1","max-image-preview":"max-image-preview:large","max-video-preview":"max-video-preview:-1"},"canonical":"https:\/\/www.saxis.dk\/blog\/velbekomme-saadan-siger-christian-og-hans-kaereste-nu-efter-koeb-af-deres-nye-cateringvirksomhed\/","og_locale":"da_DK","og_type":"article","og_title":"\"Velbekomme\" siger Christian og k\u00e6reste efter k\u00f8b af cateringfirma | Saxis virksomhedsb\u00f8rs blog","og_description":"Par overtager cateringvirksomhed via Saxis: L\u00e6s om skiftet, hverdagen som selvst\u00e6ndige og deres erfaringer med k\u00f8b af virksomhed.","og_url":"https:\/\/www.saxis.dk\/blog\/velbekomme-saadan-siger-christian-og-hans-kaereste-nu-efter-koeb-af-deres-nye-cateringvirksomhed\/","og_site_name":"Saxis virksomhedsb\u00f8rs blog","article_publisher":"https:\/\/www.facebook.com\/virksomhedsbors\/","article_published_time":"2018-10-10T19:32:37+00:00","article_modified_time":"2025-11-27T20:07:57+00:00","og_image":[{"width":1274,"height":841,"url":"https:\/\/www.saxis.dk\/blog\/wp-content\/uploads\/2018\/10\/collage.jpg","type":"image\/jpeg"}],"author":"Mette Jeannot","twitter_card":"summary_large_image","twitter_creator":"@virksomhedsbors","twitter_site":"@virksomhedsbors","twitter_misc":{"Skrevet af":"Mette Jeannot","Estimeret l\u00e6setid":"5 minutter"},"schema":{"@context":"https:\/\/schema.org","@graph":[{"@type":"Article","@id":"https:\/\/www.saxis.dk\/blog\/velbekomme-saadan-siger-christian-og-hans-kaereste-nu-efter-koeb-af-deres-nye-cateringvirksomhed\/#article","isPartOf":{"@id":"https:\/\/www.saxis.dk\/blog\/velbekomme-saadan-siger-christian-og-hans-kaereste-nu-efter-koeb-af-deres-nye-cateringvirksomhed\/"},"author":{"name":"Mette Jeannot","@id":"https:\/\/www.saxis.dk\/blog\/#\/schema\/person\/7c2e254eb0bb2ca677f4483cec1e2194"},"headline":"&#8220;Velbekomme&#8221; siger Christian og hans k\u00e6reste efter k\u00f8b af deres nye cateringvirksomhed","datePublished":"2018-10-10T19:32:37+00:00","dateModified":"2025-11-27T20:07:57+00:00","mainEntityOfPage":{"@id":"https:\/\/www.saxis.dk\/blog\/velbekomme-saadan-siger-christian-og-hans-kaereste-nu-efter-koeb-af-deres-nye-cateringvirksomhed\/"},"wordCount":795,"publisher":{"@id":"https:\/\/www.saxis.dk\/blog\/#organization"},"image":{"@id":"https:\/\/www.saxis.dk\/blog\/velbekomme-saadan-siger-christian-og-hans-kaereste-nu-efter-koeb-af-deres-nye-cateringvirksomhed\/#primaryimage"},"thumbnailUrl":"https:\/\/www.saxis.dk\/blog\/wp-content\/uploads\/2018\/10\/collage.jpg","keywords":["cases","Catering","featured-home","k\u00f8b og salg af virksomheder"],"articleSection":["K\u00f8bercases"],"inLanguage":"da-DK"},{"@type":"WebPage","@id":"https:\/\/www.saxis.dk\/blog\/velbekomme-saadan-siger-christian-og-hans-kaereste-nu-efter-koeb-af-deres-nye-cateringvirksomhed\/","url":"https:\/\/www.saxis.dk\/blog\/velbekomme-saadan-siger-christian-og-hans-kaereste-nu-efter-koeb-af-deres-nye-cateringvirksomhed\/","name":"\"Velbekomme\" siger Christian og k\u00e6reste efter k\u00f8b af cateringfirma | Saxis virksomhedsb\u00f8rs blog","isPartOf":{"@id":"https:\/\/www.saxis.dk\/blog\/#website"},"primaryImageOfPage":{"@id":"https:\/\/www.saxis.dk\/blog\/velbekomme-saadan-siger-christian-og-hans-kaereste-nu-efter-koeb-af-deres-nye-cateringvirksomhed\/#primaryimage"},"image":{"@id":"https:\/\/www.saxis.dk\/blog\/velbekomme-saadan-siger-christian-og-hans-kaereste-nu-efter-koeb-af-deres-nye-cateringvirksomhed\/#primaryimage"},"thumbnailUrl":"https:\/\/www.saxis.dk\/blog\/wp-content\/uploads\/2018\/10\/collage.jpg","datePublished":"2018-10-10T19:32:37+00:00","dateModified":"2025-11-27T20:07:57+00:00","description":"Par overtager cateringvirksomhed via Saxis: L\u00e6s om skiftet, hverdagen som selvst\u00e6ndige og deres erfaringer med k\u00f8b af virksomhed.","breadcrumb":{"@id":"https:\/\/www.saxis.dk\/blog\/velbekomme-saadan-siger-christian-og-hans-kaereste-nu-efter-koeb-af-deres-nye-cateringvirksomhed\/#breadcrumb"},"inLanguage":"da-DK","potentialAction":[{"@type":"ReadAction","target":["https:\/\/www.saxis.dk\/blog\/velbekomme-saadan-siger-christian-og-hans-kaereste-nu-efter-koeb-af-deres-nye-cateringvirksomhed\/"]}]},{"@type":"ImageObject","inLanguage":"da-DK","@id":"https:\/\/www.saxis.dk\/blog\/velbekomme-saadan-siger-christian-og-hans-kaereste-nu-efter-koeb-af-deres-nye-cateringvirksomhed\/#primaryimage","url":"https:\/\/www.saxis.dk\/blog\/wp-content\/uploads\/2018\/10\/collage.jpg","contentUrl":"https:\/\/www.saxis.dk\/blog\/wp-content\/uploads\/2018\/10\/collage.jpg","width":1274,"height":841},{"@type":"BreadcrumbList","@id":"https:\/\/www.saxis.dk\/blog\/velbekomme-saadan-siger-christian-og-hans-kaereste-nu-efter-koeb-af-deres-nye-cateringvirksomhed\/#breadcrumb","itemListElement":[{"@type":"ListItem","position":1,"name":"Blog","item":"https:\/\/www.saxis.dk\/blog\/"},{"@type":"ListItem","position":2,"name":"Artikler","item":"https:\/\/www.saxis.dk\/blog\/category\/artikler\/"},{"@type":"ListItem","position":3,"name":"K\u00f8bercases","item":"https:\/\/www.saxis.dk\/blog\/category\/artikler\/koebercases-artikler\/"},{"@type":"ListItem","position":4,"name":"&#8220;Velbekomme&#8221; siger Christian og hans k\u00e6reste efter k\u00f8b af deres nye cateringvirksomhed"}]},{"@type":"WebSite","@id":"https:\/\/www.saxis.dk\/blog\/#website","url":"https:\/\/www.saxis.dk\/blog\/","name":"Saxis virksomhedsb\u00f8rs blog","description":"Blog om k\u00f8b og salg af virksomheder, g\u00e6steblogs fra Danmarks dygtigste virksomhedsledere og meget mere.","publisher":{"@id":"https:\/\/www.saxis.dk\/blog\/#organization"},"potentialAction":[{"@type":"SearchAction","target":{"@type":"EntryPoint","urlTemplate":"https:\/\/www.saxis.dk\/blog\/?s={search_term_string}"},"query-input":{"@type":"PropertyValueSpecification","valueRequired":true,"valueName":"search_term_string"}}],"inLanguage":"da-DK"},{"@type":"Organization","@id":"https:\/\/www.saxis.dk\/blog\/#organization","name":"Saxis Virksomhedsb\u00f8rs","url":"https:\/\/www.saxis.dk\/blog\/","logo":{"@type":"ImageObject","inLanguage":"da-DK","@id":"https:\/\/www.saxis.dk\/blog\/#\/schema\/logo\/image\/","url":"https:\/\/www.saxis.dk\/blog\/wp-content\/uploads\/2018\/05\/logo-blog-saxis.png","contentUrl":"https:\/\/www.saxis.dk\/blog\/wp-content\/uploads\/2018\/05\/logo-blog-saxis.png","width":916,"height":272,"caption":"Saxis Virksomhedsb\u00f8rs"},"image":{"@id":"https:\/\/www.saxis.dk\/blog\/#\/schema\/logo\/image\/"},"sameAs":["https:\/\/www.facebook.com\/virksomhedsbors\/","https:\/\/x.com\/virksomhedsbors"]},{"@type":"Person","@id":"https:\/\/www.saxis.dk\/blog\/#\/schema\/person\/7c2e254eb0bb2ca677f4483cec1e2194","name":"Mette Jeannot","image":{"@type":"ImageObject","inLanguage":"da-DK","@id":"https:\/\/secure.gravatar.com\/avatar\/b0c675d5b1f4d0c2760a168970ddd4216d210a5df3a530ac853796f24abee1b8?s=96&d=mm&r=g","url":"https:\/\/secure.gravatar.com\/avatar\/b0c675d5b1f4d0c2760a168970ddd4216d210a5df3a530ac853796f24abee1b8?s=96&d=mm&r=g","contentUrl":"https:\/\/secure.gravatar.com\/avatar\/b0c675d5b1f4d0c2760a168970ddd4216d210a5df3a530ac853796f24abee1b8?s=96&d=mm&r=g","caption":"Mette Jeannot"},"url":"https:\/\/www.saxis.dk\/blog\/author\/mette\/"}]}},"_links":{"self":[{"href":"https:\/\/www.saxis.dk\/blog\/wp-json\/wp\/v2\/posts\/6260","targetHints":{"allow":["GET"]}}],"collection":[{"href":"https:\/\/www.saxis.dk\/blog\/wp-json\/wp\/v2\/posts"}],"about":[{"href":"https:\/\/www.saxis.dk\/blog\/wp-json\/wp\/v2\/types\/post"}],"author":[{"embeddable":true,"href":"https:\/\/www.saxis.dk\/blog\/wp-json\/wp\/v2\/users\/18"}],"replies":[{"embeddable":true,"href":"https:\/\/www.saxis.dk\/blog\/wp-json\/wp\/v2\/comments?post=6260"}],"version-history":[{"count":4,"href":"https:\/\/www.saxis.dk\/blog\/wp-json\/wp\/v2\/posts\/6260\/revisions"}],"predecessor-version":[{"id":8735,"href":"https:\/\/www.saxis.dk\/blog\/wp-json\/wp\/v2\/posts\/6260\/revisions\/8735"}],"wp:featuredmedia":[{"embeddable":true,"href":"https:\/\/www.saxis.dk\/blog\/wp-json\/wp\/v2\/media\/6262"}],"wp:attachment":[{"href":"https:\/\/www.saxis.dk\/blog\/wp-json\/wp\/v2\/media?parent=6260"}],"wp:term":[{"taxonomy":"category","embeddable":true,"href":"https:\/\/www.saxis.dk\/blog\/wp-json\/wp\/v2\/categories?post=6260"},{"taxonomy":"post_tag","embeddable":true,"href":"https:\/\/www.saxis.dk\/blog\/wp-json\/wp\/v2\/tags?post=6260"}],"curies":[{"name":"wp","href":"https:\/\/api.w.org\/{rel}","templated":true}]}}