{"id":4620,"date":"2018-02-26T12:09:45","date_gmt":"2018-02-26T10:09:45","guid":{"rendered":"https:\/\/www.saxis.dk\/blog\/?p=4620"},"modified":"2026-03-19T12:09:33","modified_gmt":"2026-03-19T11:09:33","slug":"18-aar-it-branchen-tager-danny-springet-jeg-kan-udleve-min-droem","status":"publish","type":"post","link":"https:\/\/www.saxis.dk\/blog\/18-aar-it-branchen-tager-danny-springet-jeg-kan-udleve-min-droem\/","title":{"rendered":"Efter 18 \u00e5r i it-branchen tager Danny springet: &#8220;Jeg kan udleve min dr\u00f8m&#8221;"},"content":{"rendered":"<p><img loading=\"lazy\" decoding=\"async\" class=\"alignnone size-full wp-image-4624\" src=\"https:\/\/www.saxis.dk\/blog\/wp-content\/uploads\/2018\/02\/profilbilled.jpg\" alt=\"\" width=\"960\" height=\"959\" \/><\/p>\n<p><em>Danny har igennem Saxis fundet pr\u00e6cis den virksomhed han var p\u00e5 udkig efter, p\u00e5 trods af et meget specifikt udgangspunkt.<\/em><\/p>\n<p>L\u00e6s ogs\u00e5:\u00a0<a href=\"https:\/\/www.saxis.dk\/blog\/britta-kunne-ikke-se-sig-selv-8-16-job-jeg-glad-frihed-fleksibilitet-giver-eje-min-egen-webshop\/\">Britta kunne ikke se sig selv i 8-16 job: \u201cJeg er glad for den frihed og fleksibilitet det giver at eje min egen webshop\u201d<\/a><\/p>\n<h2><span style=\"font-weight: 400;\">Kan du fort\u00e6lle lidt om dig selv?<\/span><\/h2>\n<p><span style=\"font-weight: 400;\">Mit navn er Danny Paulsen. <\/span><\/p>\n<p><span style=\"font-weight: 400;\">Jeg er 36 \u00e5r, gift og har to b\u00f8rn, Ilias p\u00e5 7 og Josefine p\u00e5 4. Jeg er bosat i N\u00e6stved, ude ved Mogenstrup hvor jeg nyder det stille liv med min familie. <\/span><\/p>\n<p><span style=\"font-weight: 400;\">Jeg har over 18 \u00e5rs erfaring med salg og marketing og mine prim\u00e6re kompetencer kommer fra IT og Telebranchen. <\/span><\/p>\n<p><span style=\"font-weight: 400;\">Jeg har arbejdet 5 \u00e5r med landets kommuner, regioner og stats kunder, og de sidste 3 \u00e5r af mit arbejdsliv har jeg v\u00e6ret ansat i Teleselskabet 3, hvor jeg sad som kommerciel salgsansvarlig for et cloudbaseret produkt til erhvervsmarkedet. <\/span><\/p>\n<p><span style=\"font-weight: 400;\">Jeg har altid haft en dr\u00f8m om, ikke bare at v\u00e6re &#8220;min egen chef&#8221; men ogs\u00e5 om at kunne g\u00f8re en forskel, en m\u00e6rkbar forskel. <\/span><\/p>\n<p><span style=\"font-weight: 400;\">Da jeg via netv\u00e6rk blev prikket til, da jeg tidligere har dr\u00f8ftet mulighederne omkring en digital platform der omhandler dele\u00f8konomi, var det mig naturligt at tage kontakt til de forhenv\u00e6rende ejere, da de delvist havde noget ala det jeg egentlig fandt ret sp\u00e6ndende. Gennem flere telefoniske m\u00f8der, frokostaftaler og personlige m\u00f8der n\u00e5ede vi til enighed. <\/span><\/p>\n<p><span style=\"font-weight: 400;\">S\u00e5 jeg hoppede i arbejdst\u00f8jet og fik arrangeret m\u00f8der med flere uafh\u00e6ngige udvikler da denne del var en klar foruds\u00e6tning for mit k\u00f8b. <\/span><\/p>\n<p><span style=\"font-weight: 400;\">Efter et par m\u00e5neder med et hav af m\u00f8der med alverdens udvikler, kunne jeg se en fremtid i pr\u00e6cis det produkt der i skrivende stund er ved at blive udviklet, og idag er jeg s\u00e5 den lykkelige ejer af <a href=\"http:\/\/sharepeeps.org\" target=\"_blank\" rel=\"noopener\">Sharepeeps ApS<\/a>.<\/span><\/p>\n<h2><span style=\"font-weight: 400;\">Hvorfor faldt valget netop p\u00e5 Sharepeeps?<\/span><\/h2>\n<p><span style=\"font-weight: 400;\">Valget faldt udelukkende p\u00e5 at en del af mit nuv\u00e6rende \u00f8nske setup var udviklet, hvis jeg skulle videre med min egen ide, ville det v\u00e6re en del konkurrencevridende med en eventuel k\u00f8ber af Sharepeeps ApS. <\/span><\/p>\n<p><span style=\"font-weight: 400;\">Dog tror jeg ikke at en anden k\u00f8ber ville have pr\u00e6cist de samme visioner jeg selv omkring denne dele\u00f8konomiske platform, men chancen ville jeg ikke l\u00f8be i denne opstart, s\u00e5 derfor valgte jeg at k\u00f8be virksomheden.<\/span><\/p>\n<h2><span style=\"font-weight: 400;\">Hvad betyder det for dig at du nu er virksomhedsejer?<\/span><\/h2>\n<p><span style=\"font-weight: 400;\">Jeg kan udleve min dr\u00f8m.<\/span><\/p>\n<p><span style=\"font-weight: 400;\">Jeg er ene beslutningstager omkring alt hvad der vedr\u00f8rer virksomheden, og p\u00e5 sigt skal det naturligvis give mig et langt mere fleksibelt arbejdsliv, hvor jeg ikke skal bruge op til 3 timer p\u00e5 k\u00f8rsel til og fra k\u00f8benhavn hver dag, som de sidste 18 \u00e5r har budt p\u00e5.<\/span><\/p>\n<p>L\u00e6s ogs\u00e5:\u00a0<a href=\"https:\/\/www.saxis.dk\/blog\/ide-vaere-selvstaendig-startede-to-aar-siden-har-karsten-koebt-bestpromotion\/\">En ide om at v\u00e6re selvst\u00e6ndig startede for to \u00e5r siden \u2013 nu har Karsten k\u00f8bt BestPromotion<\/a><\/p>\n<h2><span style=\"font-weight: 400;\">Hvad er fremtidsplanerne for virksomheden?<\/span><\/h2>\n<p><span style=\"font-weight: 400;\">Planerne er helt klare. <\/span><\/p>\n<p><span style=\"font-weight: 400;\">Appen skal stabiliseres p\u00e5 b\u00e5de drift og hastighed. Derudover kommer der en masse nye funktioner til gl\u00e6de for b\u00e5de brugerne og milj\u00f8et. <\/span><\/p>\n<p><span style=\"font-weight: 400;\">Jeg kan ikke komme n\u00e6rmere ind p\u00e5 hvad der kommer til at ske, men tydelige \u00e6ndringer kommer der, og dette vil v\u00e6re til gavn for b\u00e5de kommunernes borgere, virksomhedernes ansatte samt alle typer foreninger og dets medlemmer.<\/span><\/p>\n<p>Vi har i skrivende stund over 600 virksomheder til salg \u2013 hvis du ogs\u00e5 leger med tanken om at blive selvst\u00e6ndig, eller opk\u00f8be konkurrenter, kan du se dem her:\u00a0<a href=\"https:\/\/www.saxis.dk\/soegning\/alle-typer\">600 virksomheder til salg<\/a><\/p>\n","protected":false},"excerpt":{"rendered":"<p>Danny har igennem Saxis fundet pr\u00e6cis den virksomhed han var p\u00e5 udkig efter, p\u00e5 trods af et meget specifikt udgangspunkt. L\u00e6s ogs\u00e5:\u00a0Britta kunne ikke se sig selv i 8-16 job: \u201cJeg er glad for den frihed og fleksibilitet det giver at eje min egen webshop\u201d Kan du fort\u00e6lle lidt om dig selv? Mit navn er&#8230;<\/p>\n<p><a class=\"btn read-more-button understrap-read-more-link\" href=\"https:\/\/www.saxis.dk\/blog\/18-aar-it-branchen-tager-danny-springet-jeg-kan-udleve-min-droem\/\">L\u00e6s mere&#8230;<\/a><\/p>\n","protected":false},"author":18,"featured_media":4624,"comment_status":"closed","ping_status":"closed","sticky":false,"template":"","format":"standard","meta":{"footnotes":""},"categories":[36],"tags":[121],"class_list":["post-4620","post","type-post","status-publish","format-standard","has-post-thumbnail","hentry","category-koebercases-artikler","tag-featured-home"],"yoast_head":"<!-- This site is optimized with the Yoast SEO plugin v27.4 - https:\/\/yoast.com\/product\/yoast-seo-wordpress\/ -->\n<title>18 \u00e5r i IT-branchen: Dannys spring fra dr\u00f8m til virkelighed | Saxis virksomhedsb\u00f8rs blog<\/title>\n<meta name=\"description\" content=\"Danny forlader IT\u2011branchen og k\u00f8ber virksomhed via Saxis: L\u00e6s om modet, friheden og rejsen mod at udleve dr\u00f8mmen som selvst\u00e6ndig.\" \/>\n<meta name=\"robots\" content=\"index, follow, max-snippet:-1, max-image-preview:large, max-video-preview:-1\" \/>\n<link rel=\"canonical\" href=\"https:\/\/www.saxis.dk\/blog\/18-aar-it-branchen-tager-danny-springet-jeg-kan-udleve-min-droem\/\" \/>\n<meta property=\"og:locale\" content=\"da_DK\" \/>\n<meta property=\"og:type\" content=\"article\" \/>\n<meta property=\"og:title\" content=\"18 \u00e5r i IT-branchen: Dannys spring fra dr\u00f8m til virkelighed | Saxis virksomhedsb\u00f8rs blog\" \/>\n<meta property=\"og:description\" content=\"Danny forlader IT\u2011branchen og k\u00f8ber virksomhed via Saxis: L\u00e6s om modet, friheden og rejsen mod at udleve dr\u00f8mmen som selvst\u00e6ndig.\" \/>\n<meta property=\"og:url\" content=\"https:\/\/www.saxis.dk\/blog\/18-aar-it-branchen-tager-danny-springet-jeg-kan-udleve-min-droem\/\" \/>\n<meta property=\"og:site_name\" content=\"Saxis virksomhedsb\u00f8rs blog\" \/>\n<meta property=\"article:publisher\" content=\"https:\/\/www.facebook.com\/virksomhedsbors\/\" \/>\n<meta property=\"article:published_time\" content=\"2018-02-26T10:09:45+00:00\" \/>\n<meta property=\"article:modified_time\" content=\"2026-03-19T11:09:33+00:00\" \/>\n<meta property=\"og:image\" content=\"https:\/\/www.saxis.dk\/blog\/wp-content\/uploads\/2018\/02\/profilbilled.jpg\" \/>\n\t<meta property=\"og:image:width\" content=\"960\" \/>\n\t<meta property=\"og:image:height\" content=\"959\" \/>\n\t<meta property=\"og:image:type\" content=\"image\/jpeg\" \/>\n<meta name=\"author\" content=\"Mette Jeannot\" \/>\n<meta name=\"twitter:card\" content=\"summary_large_image\" \/>\n<meta name=\"twitter:creator\" content=\"@virksomhedsbors\" \/>\n<meta name=\"twitter:site\" content=\"@virksomhedsbors\" \/>\n<meta name=\"twitter:label1\" content=\"Skrevet af\" \/>\n\t<meta name=\"twitter:data1\" content=\"Mette Jeannot\" \/>\n\t<meta name=\"twitter:label2\" content=\"Estimeret l\u00e6setid\" \/>\n\t<meta name=\"twitter:data2\" content=\"4 minutter\" \/>\n<script type=\"application\/ld+json\" class=\"yoast-schema-graph\">{\"@context\":\"https:\\\/\\\/schema.org\",\"@graph\":[{\"@type\":\"Article\",\"@id\":\"https:\\\/\\\/www.saxis.dk\\\/blog\\\/18-aar-it-branchen-tager-danny-springet-jeg-kan-udleve-min-droem\\\/#article\",\"isPartOf\":{\"@id\":\"https:\\\/\\\/www.saxis.dk\\\/blog\\\/18-aar-it-branchen-tager-danny-springet-jeg-kan-udleve-min-droem\\\/\"},\"author\":{\"name\":\"Mette Jeannot\",\"@id\":\"https:\\\/\\\/www.saxis.dk\\\/blog\\\/#\\\/schema\\\/person\\\/7c2e254eb0bb2ca677f4483cec1e2194\"},\"headline\":\"Efter 18 \u00e5r i it-branchen tager Danny springet: &#8220;Jeg kan udleve min dr\u00f8m&#8221;\",\"datePublished\":\"2018-02-26T10:09:45+00:00\",\"dateModified\":\"2026-03-19T11:09:33+00:00\",\"mainEntityOfPage\":{\"@id\":\"https:\\\/\\\/www.saxis.dk\\\/blog\\\/18-aar-it-branchen-tager-danny-springet-jeg-kan-udleve-min-droem\\\/\"},\"wordCount\":605,\"publisher\":{\"@id\":\"https:\\\/\\\/www.saxis.dk\\\/blog\\\/#organization\"},\"image\":{\"@id\":\"https:\\\/\\\/www.saxis.dk\\\/blog\\\/18-aar-it-branchen-tager-danny-springet-jeg-kan-udleve-min-droem\\\/#primaryimage\"},\"thumbnailUrl\":\"https:\\\/\\\/www.saxis.dk\\\/blog\\\/wp-content\\\/uploads\\\/2018\\\/02\\\/profilbilled.jpg\",\"keywords\":[\"featured-home\"],\"articleSection\":[\"K\u00f8bercases\"],\"inLanguage\":\"da-DK\"},{\"@type\":\"WebPage\",\"@id\":\"https:\\\/\\\/www.saxis.dk\\\/blog\\\/18-aar-it-branchen-tager-danny-springet-jeg-kan-udleve-min-droem\\\/\",\"url\":\"https:\\\/\\\/www.saxis.dk\\\/blog\\\/18-aar-it-branchen-tager-danny-springet-jeg-kan-udleve-min-droem\\\/\",\"name\":\"18 \u00e5r i IT-branchen: Dannys spring fra dr\u00f8m til virkelighed | Saxis virksomhedsb\u00f8rs blog\",\"isPartOf\":{\"@id\":\"https:\\\/\\\/www.saxis.dk\\\/blog\\\/#website\"},\"primaryImageOfPage\":{\"@id\":\"https:\\\/\\\/www.saxis.dk\\\/blog\\\/18-aar-it-branchen-tager-danny-springet-jeg-kan-udleve-min-droem\\\/#primaryimage\"},\"image\":{\"@id\":\"https:\\\/\\\/www.saxis.dk\\\/blog\\\/18-aar-it-branchen-tager-danny-springet-jeg-kan-udleve-min-droem\\\/#primaryimage\"},\"thumbnailUrl\":\"https:\\\/\\\/www.saxis.dk\\\/blog\\\/wp-content\\\/uploads\\\/2018\\\/02\\\/profilbilled.jpg\",\"datePublished\":\"2018-02-26T10:09:45+00:00\",\"dateModified\":\"2026-03-19T11:09:33+00:00\",\"description\":\"Danny forlader IT\u2011branchen og k\u00f8ber virksomhed via Saxis: L\u00e6s om modet, friheden og rejsen mod at udleve dr\u00f8mmen som selvst\u00e6ndig.\",\"breadcrumb\":{\"@id\":\"https:\\\/\\\/www.saxis.dk\\\/blog\\\/18-aar-it-branchen-tager-danny-springet-jeg-kan-udleve-min-droem\\\/#breadcrumb\"},\"inLanguage\":\"da-DK\",\"potentialAction\":[{\"@type\":\"ReadAction\",\"target\":[\"https:\\\/\\\/www.saxis.dk\\\/blog\\\/18-aar-it-branchen-tager-danny-springet-jeg-kan-udleve-min-droem\\\/\"]}]},{\"@type\":\"ImageObject\",\"inLanguage\":\"da-DK\",\"@id\":\"https:\\\/\\\/www.saxis.dk\\\/blog\\\/18-aar-it-branchen-tager-danny-springet-jeg-kan-udleve-min-droem\\\/#primaryimage\",\"url\":\"https:\\\/\\\/www.saxis.dk\\\/blog\\\/wp-content\\\/uploads\\\/2018\\\/02\\\/profilbilled.jpg\",\"contentUrl\":\"https:\\\/\\\/www.saxis.dk\\\/blog\\\/wp-content\\\/uploads\\\/2018\\\/02\\\/profilbilled.jpg\",\"width\":960,\"height\":959},{\"@type\":\"BreadcrumbList\",\"@id\":\"https:\\\/\\\/www.saxis.dk\\\/blog\\\/18-aar-it-branchen-tager-danny-springet-jeg-kan-udleve-min-droem\\\/#breadcrumb\",\"itemListElement\":[{\"@type\":\"ListItem\",\"position\":1,\"name\":\"Blog\",\"item\":\"https:\\\/\\\/www.saxis.dk\\\/blog\\\/\"},{\"@type\":\"ListItem\",\"position\":2,\"name\":\"Artikler\",\"item\":\"https:\\\/\\\/www.saxis.dk\\\/blog\\\/category\\\/artikler\\\/\"},{\"@type\":\"ListItem\",\"position\":3,\"name\":\"K\u00f8bercases\",\"item\":\"https:\\\/\\\/www.saxis.dk\\\/blog\\\/category\\\/artikler\\\/koebercases-artikler\\\/\"},{\"@type\":\"ListItem\",\"position\":4,\"name\":\"Efter 18 \u00e5r i it-branchen tager Danny springet: &#8220;Jeg kan udleve min dr\u00f8m&#8221;\"}]},{\"@type\":\"WebSite\",\"@id\":\"https:\\\/\\\/www.saxis.dk\\\/blog\\\/#website\",\"url\":\"https:\\\/\\\/www.saxis.dk\\\/blog\\\/\",\"name\":\"Saxis virksomhedsb\u00f8rs blog\",\"description\":\"Blog om k\u00f8b og salg af virksomheder, g\u00e6steblogs fra Danmarks dygtigste virksomhedsledere og meget mere.\",\"publisher\":{\"@id\":\"https:\\\/\\\/www.saxis.dk\\\/blog\\\/#organization\"},\"potentialAction\":[{\"@type\":\"SearchAction\",\"target\":{\"@type\":\"EntryPoint\",\"urlTemplate\":\"https:\\\/\\\/www.saxis.dk\\\/blog\\\/?s={search_term_string}\"},\"query-input\":{\"@type\":\"PropertyValueSpecification\",\"valueRequired\":true,\"valueName\":\"search_term_string\"}}],\"inLanguage\":\"da-DK\"},{\"@type\":\"Organization\",\"@id\":\"https:\\\/\\\/www.saxis.dk\\\/blog\\\/#organization\",\"name\":\"Saxis Virksomhedsb\u00f8rs\",\"url\":\"https:\\\/\\\/www.saxis.dk\\\/blog\\\/\",\"logo\":{\"@type\":\"ImageObject\",\"inLanguage\":\"da-DK\",\"@id\":\"https:\\\/\\\/www.saxis.dk\\\/blog\\\/#\\\/schema\\\/logo\\\/image\\\/\",\"url\":\"https:\\\/\\\/www.saxis.dk\\\/blog\\\/wp-content\\\/uploads\\\/2018\\\/05\\\/logo-blog-saxis.png\",\"contentUrl\":\"https:\\\/\\\/www.saxis.dk\\\/blog\\\/wp-content\\\/uploads\\\/2018\\\/05\\\/logo-blog-saxis.png\",\"width\":916,\"height\":272,\"caption\":\"Saxis Virksomhedsb\u00f8rs\"},\"image\":{\"@id\":\"https:\\\/\\\/www.saxis.dk\\\/blog\\\/#\\\/schema\\\/logo\\\/image\\\/\"},\"sameAs\":[\"https:\\\/\\\/www.facebook.com\\\/virksomhedsbors\\\/\",\"https:\\\/\\\/x.com\\\/virksomhedsbors\"]},{\"@type\":\"Person\",\"@id\":\"https:\\\/\\\/www.saxis.dk\\\/blog\\\/#\\\/schema\\\/person\\\/7c2e254eb0bb2ca677f4483cec1e2194\",\"name\":\"Mette Jeannot\",\"image\":{\"@type\":\"ImageObject\",\"inLanguage\":\"da-DK\",\"@id\":\"https:\\\/\\\/secure.gravatar.com\\\/avatar\\\/b0c675d5b1f4d0c2760a168970ddd4216d210a5df3a530ac853796f24abee1b8?s=96&d=mm&r=g\",\"url\":\"https:\\\/\\\/secure.gravatar.com\\\/avatar\\\/b0c675d5b1f4d0c2760a168970ddd4216d210a5df3a530ac853796f24abee1b8?s=96&d=mm&r=g\",\"contentUrl\":\"https:\\\/\\\/secure.gravatar.com\\\/avatar\\\/b0c675d5b1f4d0c2760a168970ddd4216d210a5df3a530ac853796f24abee1b8?s=96&d=mm&r=g\",\"caption\":\"Mette Jeannot\"},\"url\":\"https:\\\/\\\/www.saxis.dk\\\/blog\\\/author\\\/mette\\\/\"}]}<\/script>\n<!-- \/ Yoast SEO plugin. -->","yoast_head_json":{"title":"18 \u00e5r i IT-branchen: Dannys spring fra dr\u00f8m til virkelighed | Saxis virksomhedsb\u00f8rs blog","description":"Danny forlader IT\u2011branchen og k\u00f8ber virksomhed via Saxis: L\u00e6s om modet, friheden og rejsen mod at udleve dr\u00f8mmen som selvst\u00e6ndig.","robots":{"index":"index","follow":"follow","max-snippet":"max-snippet:-1","max-image-preview":"max-image-preview:large","max-video-preview":"max-video-preview:-1"},"canonical":"https:\/\/www.saxis.dk\/blog\/18-aar-it-branchen-tager-danny-springet-jeg-kan-udleve-min-droem\/","og_locale":"da_DK","og_type":"article","og_title":"18 \u00e5r i IT-branchen: Dannys spring fra dr\u00f8m til virkelighed | Saxis virksomhedsb\u00f8rs blog","og_description":"Danny forlader IT\u2011branchen og k\u00f8ber virksomhed via Saxis: L\u00e6s om modet, friheden og rejsen mod at udleve dr\u00f8mmen som selvst\u00e6ndig.","og_url":"https:\/\/www.saxis.dk\/blog\/18-aar-it-branchen-tager-danny-springet-jeg-kan-udleve-min-droem\/","og_site_name":"Saxis virksomhedsb\u00f8rs blog","article_publisher":"https:\/\/www.facebook.com\/virksomhedsbors\/","article_published_time":"2018-02-26T10:09:45+00:00","article_modified_time":"2026-03-19T11:09:33+00:00","og_image":[{"width":960,"height":959,"url":"https:\/\/www.saxis.dk\/blog\/wp-content\/uploads\/2018\/02\/profilbilled.jpg","type":"image\/jpeg"}],"author":"Mette Jeannot","twitter_card":"summary_large_image","twitter_creator":"@virksomhedsbors","twitter_site":"@virksomhedsbors","twitter_misc":{"Skrevet af":"Mette Jeannot","Estimeret l\u00e6setid":"4 minutter"},"schema":{"@context":"https:\/\/schema.org","@graph":[{"@type":"Article","@id":"https:\/\/www.saxis.dk\/blog\/18-aar-it-branchen-tager-danny-springet-jeg-kan-udleve-min-droem\/#article","isPartOf":{"@id":"https:\/\/www.saxis.dk\/blog\/18-aar-it-branchen-tager-danny-springet-jeg-kan-udleve-min-droem\/"},"author":{"name":"Mette Jeannot","@id":"https:\/\/www.saxis.dk\/blog\/#\/schema\/person\/7c2e254eb0bb2ca677f4483cec1e2194"},"headline":"Efter 18 \u00e5r i it-branchen tager Danny springet: &#8220;Jeg kan udleve min dr\u00f8m&#8221;","datePublished":"2018-02-26T10:09:45+00:00","dateModified":"2026-03-19T11:09:33+00:00","mainEntityOfPage":{"@id":"https:\/\/www.saxis.dk\/blog\/18-aar-it-branchen-tager-danny-springet-jeg-kan-udleve-min-droem\/"},"wordCount":605,"publisher":{"@id":"https:\/\/www.saxis.dk\/blog\/#organization"},"image":{"@id":"https:\/\/www.saxis.dk\/blog\/18-aar-it-branchen-tager-danny-springet-jeg-kan-udleve-min-droem\/#primaryimage"},"thumbnailUrl":"https:\/\/www.saxis.dk\/blog\/wp-content\/uploads\/2018\/02\/profilbilled.jpg","keywords":["featured-home"],"articleSection":["K\u00f8bercases"],"inLanguage":"da-DK"},{"@type":"WebPage","@id":"https:\/\/www.saxis.dk\/blog\/18-aar-it-branchen-tager-danny-springet-jeg-kan-udleve-min-droem\/","url":"https:\/\/www.saxis.dk\/blog\/18-aar-it-branchen-tager-danny-springet-jeg-kan-udleve-min-droem\/","name":"18 \u00e5r i IT-branchen: Dannys spring fra dr\u00f8m til virkelighed | Saxis virksomhedsb\u00f8rs blog","isPartOf":{"@id":"https:\/\/www.saxis.dk\/blog\/#website"},"primaryImageOfPage":{"@id":"https:\/\/www.saxis.dk\/blog\/18-aar-it-branchen-tager-danny-springet-jeg-kan-udleve-min-droem\/#primaryimage"},"image":{"@id":"https:\/\/www.saxis.dk\/blog\/18-aar-it-branchen-tager-danny-springet-jeg-kan-udleve-min-droem\/#primaryimage"},"thumbnailUrl":"https:\/\/www.saxis.dk\/blog\/wp-content\/uploads\/2018\/02\/profilbilled.jpg","datePublished":"2018-02-26T10:09:45+00:00","dateModified":"2026-03-19T11:09:33+00:00","description":"Danny forlader IT\u2011branchen og k\u00f8ber virksomhed via Saxis: L\u00e6s om modet, friheden og rejsen mod at udleve dr\u00f8mmen som selvst\u00e6ndig.","breadcrumb":{"@id":"https:\/\/www.saxis.dk\/blog\/18-aar-it-branchen-tager-danny-springet-jeg-kan-udleve-min-droem\/#breadcrumb"},"inLanguage":"da-DK","potentialAction":[{"@type":"ReadAction","target":["https:\/\/www.saxis.dk\/blog\/18-aar-it-branchen-tager-danny-springet-jeg-kan-udleve-min-droem\/"]}]},{"@type":"ImageObject","inLanguage":"da-DK","@id":"https:\/\/www.saxis.dk\/blog\/18-aar-it-branchen-tager-danny-springet-jeg-kan-udleve-min-droem\/#primaryimage","url":"https:\/\/www.saxis.dk\/blog\/wp-content\/uploads\/2018\/02\/profilbilled.jpg","contentUrl":"https:\/\/www.saxis.dk\/blog\/wp-content\/uploads\/2018\/02\/profilbilled.jpg","width":960,"height":959},{"@type":"BreadcrumbList","@id":"https:\/\/www.saxis.dk\/blog\/18-aar-it-branchen-tager-danny-springet-jeg-kan-udleve-min-droem\/#breadcrumb","itemListElement":[{"@type":"ListItem","position":1,"name":"Blog","item":"https:\/\/www.saxis.dk\/blog\/"},{"@type":"ListItem","position":2,"name":"Artikler","item":"https:\/\/www.saxis.dk\/blog\/category\/artikler\/"},{"@type":"ListItem","position":3,"name":"K\u00f8bercases","item":"https:\/\/www.saxis.dk\/blog\/category\/artikler\/koebercases-artikler\/"},{"@type":"ListItem","position":4,"name":"Efter 18 \u00e5r i it-branchen tager Danny springet: &#8220;Jeg kan udleve min dr\u00f8m&#8221;"}]},{"@type":"WebSite","@id":"https:\/\/www.saxis.dk\/blog\/#website","url":"https:\/\/www.saxis.dk\/blog\/","name":"Saxis virksomhedsb\u00f8rs blog","description":"Blog om k\u00f8b og salg af virksomheder, g\u00e6steblogs fra Danmarks dygtigste virksomhedsledere og meget mere.","publisher":{"@id":"https:\/\/www.saxis.dk\/blog\/#organization"},"potentialAction":[{"@type":"SearchAction","target":{"@type":"EntryPoint","urlTemplate":"https:\/\/www.saxis.dk\/blog\/?s={search_term_string}"},"query-input":{"@type":"PropertyValueSpecification","valueRequired":true,"valueName":"search_term_string"}}],"inLanguage":"da-DK"},{"@type":"Organization","@id":"https:\/\/www.saxis.dk\/blog\/#organization","name":"Saxis Virksomhedsb\u00f8rs","url":"https:\/\/www.saxis.dk\/blog\/","logo":{"@type":"ImageObject","inLanguage":"da-DK","@id":"https:\/\/www.saxis.dk\/blog\/#\/schema\/logo\/image\/","url":"https:\/\/www.saxis.dk\/blog\/wp-content\/uploads\/2018\/05\/logo-blog-saxis.png","contentUrl":"https:\/\/www.saxis.dk\/blog\/wp-content\/uploads\/2018\/05\/logo-blog-saxis.png","width":916,"height":272,"caption":"Saxis Virksomhedsb\u00f8rs"},"image":{"@id":"https:\/\/www.saxis.dk\/blog\/#\/schema\/logo\/image\/"},"sameAs":["https:\/\/www.facebook.com\/virksomhedsbors\/","https:\/\/x.com\/virksomhedsbors"]},{"@type":"Person","@id":"https:\/\/www.saxis.dk\/blog\/#\/schema\/person\/7c2e254eb0bb2ca677f4483cec1e2194","name":"Mette Jeannot","image":{"@type":"ImageObject","inLanguage":"da-DK","@id":"https:\/\/secure.gravatar.com\/avatar\/b0c675d5b1f4d0c2760a168970ddd4216d210a5df3a530ac853796f24abee1b8?s=96&d=mm&r=g","url":"https:\/\/secure.gravatar.com\/avatar\/b0c675d5b1f4d0c2760a168970ddd4216d210a5df3a530ac853796f24abee1b8?s=96&d=mm&r=g","contentUrl":"https:\/\/secure.gravatar.com\/avatar\/b0c675d5b1f4d0c2760a168970ddd4216d210a5df3a530ac853796f24abee1b8?s=96&d=mm&r=g","caption":"Mette Jeannot"},"url":"https:\/\/www.saxis.dk\/blog\/author\/mette\/"}]}},"_links":{"self":[{"href":"https:\/\/www.saxis.dk\/blog\/wp-json\/wp\/v2\/posts\/4620","targetHints":{"allow":["GET"]}}],"collection":[{"href":"https:\/\/www.saxis.dk\/blog\/wp-json\/wp\/v2\/posts"}],"about":[{"href":"https:\/\/www.saxis.dk\/blog\/wp-json\/wp\/v2\/types\/post"}],"author":[{"embeddable":true,"href":"https:\/\/www.saxis.dk\/blog\/wp-json\/wp\/v2\/users\/18"}],"replies":[{"embeddable":true,"href":"https:\/\/www.saxis.dk\/blog\/wp-json\/wp\/v2\/comments?post=4620"}],"version-history":[{"count":12,"href":"https:\/\/www.saxis.dk\/blog\/wp-json\/wp\/v2\/posts\/4620\/revisions"}],"predecessor-version":[{"id":8944,"href":"https:\/\/www.saxis.dk\/blog\/wp-json\/wp\/v2\/posts\/4620\/revisions\/8944"}],"wp:featuredmedia":[{"embeddable":true,"href":"https:\/\/www.saxis.dk\/blog\/wp-json\/wp\/v2\/media\/4624"}],"wp:attachment":[{"href":"https:\/\/www.saxis.dk\/blog\/wp-json\/wp\/v2\/media?parent=4620"}],"wp:term":[{"taxonomy":"category","embeddable":true,"href":"https:\/\/www.saxis.dk\/blog\/wp-json\/wp\/v2\/categories?post=4620"},{"taxonomy":"post_tag","embeddable":true,"href":"https:\/\/www.saxis.dk\/blog\/wp-json\/wp\/v2\/tags?post=4620"}],"curies":[{"name":"wp","href":"https:\/\/api.w.org\/{rel}","templated":true}]}}