{"id":3299,"date":"2016-08-29T12:06:12","date_gmt":"2016-08-29T10:06:12","guid":{"rendered":"http:\/\/www.saxis.dk\/blog\/?p=3299"},"modified":"2025-12-09T19:44:24","modified_gmt":"2025-12-09T18:44:24","slug":"fleksjobber-glad-ivaerksaetter","status":"publish","type":"post","link":"https:\/\/www.saxis.dk\/blog\/fleksjobber-glad-ivaerksaetter\/","title":{"rendered":"Fra fleksjobber til glad iv\u00e6rks\u00e6tter"},"content":{"rendered":"<p>iv\u00e6r<img loading=\"lazy\" decoding=\"async\" class=\"size-full wp-image-3300 alignnone\" src=\"https:\/\/www.saxis.dk\/blog\/wp-content\/uploads\/2016\/08\/IMG_0177.jpg\" alt=\"IMG_0177\" width=\"1555\" height=\"1037\" \/><\/p>\n<p><span style=\"color: #999999;\"><span style=\"font-weight: 400;\">Som 24-\u00e5rig blev Palle p\u00e5k\u00f8rt med 150 km\/t, da han holdte stille i sin mors bil. Det har medf\u00f8rt et usynligt handicap som han har m\u00e5tte l\u00e6re at leve med. Efter at have pr\u00f8vet en lang r\u00e6kke jobs der ikke fungerede, har han endelig fundet en livsvej der fungerer og giver ham livsgl\u00e6den tilbage &#8211; <\/span><span style=\"color: #3366ff;\"><a style=\"color: #3366ff;\" href=\"http:\/\/www.barkshop.dk\/\" target=\"_blank\" rel=\"noopener\"><span style=\"font-weight: 400;\">Barkshop.dk<\/span><\/a><\/span><span style=\"font-weight: 400;\">, der er k\u00f8bt via <a href=\"http:\/\/www.amino.dk\/virksomhedsbors\">Saxis<\/a>.<\/span><\/span><\/p>\n<p>L\u00e6s ogs\u00e5:\u00a0<a href=\"https:\/\/www.saxis.dk\/blog\/vi-har-gjort-vi-bedst-skal-vi-videre-nye-eventyr\/\">\u201cVi har gjort det, vi er bedst til og nu skal vi videre mod nye eventyr\u201d<\/a><\/p>\n<h2><span style=\"font-weight: 400;\">Fleksjob grundet ulykke<\/span><\/h2>\n<p><span style=\"font-weight: 400;\">Palle har et fleksjob, fordi han i 2002 var indblandet i en trafikulykke, og han har derfor ikke kunne arbejde mere end 15 timer om ugen. Det har ligeledes gjort, at han har haft en frygt for at komme ind i det offentlige system som ledig. \u201cIngen virksomheder vil tage dig\u201d var beskeden fra kommunen.<\/span><\/p>\n<p><span style=\"font-weight: 400;\">\u201cVi har l\u00e6nge ledt efter en virksomhed, som vi kunne overtage og f\u00e5 til at vokse, da IT-virksomheden er sv\u00e6r at f\u00e5 til at vokse, n\u00e5r jeg kun har 15 timer om ugen jeg kan arbejde.\u201c<\/span><\/p>\n<p><span style=\"font-weight: 400;\">Det har ogs\u00e5 v\u00e6ret en s\u00e6rdeles lang rejse for Palle, at finde en levevej, der passer til hans situation. Han har v\u00e6ret igennem en lang r\u00e6kke jobs, heriblandt tankpasser, fleksjobber i IT-virksomhed og angstlinien indtil han i sommeren 2016 besluttede at k\u00f8be en virksomhed, sammen med \u00e6gtef\u00e6llen Agneta.<\/span><\/p>\n<p><span style=\"font-weight: 400;\">P\u00e5 Saxis fandt de heldigvis det de ledte efter; En webshop hvor der var lavet grundigt forarbejde og hvor der var indtjening fra dag et. Parret fort\u00e6ller:<\/span><\/p>\n<p><span style=\"font-weight: 400;\">\u201cVi faldt over Barkshop, mens vi var p\u00e5 sommerferie, da vi igen var forbi Saxis for at se p\u00e5 virksomheder til salg. Vi var ikke i tvivl om at Barkshop har et k\u00e6mpe potentiale og Lisbeth som er den tidligere ejer, har gjort et helt fantastisk stykke arbejde med Barkshop, men grundet et dr\u00f8mmejobtilbud har valgt at s\u00e6lge.\u201d<\/span><\/p>\n<p>L\u00e6s ogs\u00e5:\u00a0<a href=\"https:\/\/www.saxis.dk\/blog\/e-handelskonsulenten-der-blev-webshopejer\/\">E-handelskonsulenten, der blev webshopejer<\/a><\/p>\n<h2><span style=\"font-weight: 400;\">En lysere fremtid<\/span><\/h2>\n<p><span style=\"font-weight: 400;\">Efter k\u00f8bet af Barkshop.dk, ser fremtiden dog anderledes lys ud:<\/span><\/p>\n<p><span style=\"font-weight: 400;\">\u201cJeg har f\u00e5et noget at st\u00e5 op til hver dag, som jeg ser frem til. Nu er der ligeledes mulighed for at vi ogs\u00e5 kan f\u00e5 det til at l\u00f8be \u00f8konomisk rundt.\u201d siger Palle og forts\u00e6tter med stor optimisme:<\/span><\/p>\n<p><span style=\"font-weight: 400;\">\u201cBarkshop har et eksisterende kundegrundlag og shoppen er bygget s\u00e5 perfekt op af Lisbeth, den tidligere ejer. S\u00e5 fremtiden ser meget lysere ud for os, da jeg nu har mulighed for fortsat, at v\u00e6re <a href=\"https:\/\/www.amino.dk\/wikis\/erhverv\/hvad-er-en-ivaerksaetter.aspx\" target=\"_blank\" rel=\"noopener\">iv\u00e6rks\u00e6tter<\/a> sammen med min kone, og usikkerheden for at komme ind i det offentlige system som ledig er nu elimineret.\u201d<\/span><\/p>\n<h3 style=\"text-align: center;\"><em><span style=\"color: #333333;\">&#8220;Jeg har f\u00e5et noget at st\u00e5 op til hver dag&#8221;<\/span><\/em><\/h3>\n<p><span style=\"font-weight: 400;\">\u00c6gteparret h\u00e5ber p\u00e5 at kunne hente nogle af de penge hjem, som de har investeret i IT-virksomheden &#8211; og hvis det g\u00e5r godt &#8211; \u00e5bne en <a href=\"https:\/\/www.saxis.dk\/type\/butik\">fysisk butik<\/a>. Allerede nu er de ved at arrangere et showroom i forl\u00e6ngelse af deres bolig.<\/span><\/p>\n<p><span style=\"font-weight: 400;\">Udover det \u00f8konomiske aspekt, betyder det ogs\u00e5 meget for Palle, at f\u00e5 mere frihed i sin hverdag, og det heldigvis ogs\u00e5 blevet en realitet.<\/span><\/p>\n<p><span style=\"font-weight: 400;\">\u201cGrundet min situation er det yderst vigtigt med frihed i hverdagen samt mere fleksibilitet. Jeg har gode og mindre gode dage og med Barkshop kan jeg arbejde p\u00e5 det tidspunkt, der passer bedst for mig uden gener for vores kunder.\u201d forklarer han.<\/span><\/p>\n<h2><span style=\"font-weight: 400;\">Virksomhedsk\u00f8b gennemf\u00f8rt p\u00e5 10 dage <\/span><\/h2>\n<p><span style=\"font-weight: 400;\">De har v\u00e6ret i kontakt med en del forskellige k\u00f8bere i l\u00f8bet af de 3 til 4 \u00e5r de har ledt efter en virksomhed, de kunne k\u00f8be:<\/span><\/p>\n<p><span style=\"font-weight: 400;\">\u201cDe fleste har heldigvis v\u00e6ret professionelle, og svaret p\u00e5 de sp\u00f8rgsm\u00e5l man har stillet, men der har desv\u00e6rre ogs\u00e5 v\u00e6ret dem man aldrig h\u00f8re fra. Med Barkshop har det bare v\u00e6ret en forn\u00f8jelse. <\/span><\/p>\n<p><span style=\"font-weight: 400;\">Det har v\u00e6ret nemt at bruge Saxis til at kommunikere med Lisbeth og f\u00e5 en aftale p\u00e5 plads. Saxis er et genialt medie til at f\u00e5 et overblik over virksomheder som er til salg og derefter tage kontakt til s\u00e6lger.<\/span><\/p>\n<blockquote>\n<h3 style=\"text-align: center;\"><em><span style=\"color: #333333;\">&#8220;Saxis er et genialt medie til at f\u00e5 et overblik over virksomheder som er til salg&#8221;<\/span><\/em><\/h3>\n<\/blockquote>\n<p><span style=\"font-weight: 400;\">Vi kontaktede Lisbeth og der var straks super kemi imellem os. Agneta og Jeg er helt sikker p\u00e5, at det var den mulighed vi har ventet p\u00e5 og vi valgte at indg\u00e5 en dialog med Lisbeth om et k\u00f8b. Dette er nu blevet en realitet og vi er et skridt n\u00e6rmere vores dr\u00f8m.\u201d<\/span><\/p>\n<p><span style=\"font-weight: 400;\">Med de ord, er der bare tilbage at sige at vi h\u00e5ber at deres dr\u00f8mme og forventninger bliver indfriet. Vi \u00f8nsker i al fald held og lykke med den nye virksomhed.<\/span><\/p>\n<p>L\u00e6s ogs\u00e5:\u00a0<a href=\"https:\/\/www.saxis.dk\/blog\/mor-kober-firma-mine-born-skal-laere-at-drive-virksomhed\/\">Mor k\u00f8ber firma: Mine b\u00f8rn skal l\u00e6re at drive virksomhed<\/a><\/p>\n","protected":false},"excerpt":{"rendered":"<p>iv\u00e6r Som 24-\u00e5rig blev Palle p\u00e5k\u00f8rt med 150 km\/t, da han holdte stille i sin mors bil. Det har medf\u00f8rt et usynligt handicap som han har m\u00e5tte l\u00e6re at leve med. Efter at have pr\u00f8vet en lang r\u00e6kke jobs der ikke fungerede, har han endelig fundet en livsvej der fungerer og giver ham livsgl\u00e6den tilbage&#8230;<\/p>\n<p><a class=\"btn read-more-button understrap-read-more-link\" href=\"https:\/\/www.saxis.dk\/blog\/fleksjobber-glad-ivaerksaetter\/\">L\u00e6s mere&#8230;<\/a><\/p>\n","protected":false},"author":18,"featured_media":3300,"comment_status":"closed","ping_status":"closed","sticky":false,"template":"","format":"standard","meta":{"footnotes":""},"categories":[21,15,36],"tags":[],"class_list":["post-3299","post","type-post","status-publish","format-standard","has-post-thumbnail","hentry","category-hvem-bruger-saxis","category-ivaerksaetterhistorier","category-koebercases-artikler"],"yoast_head":"<!-- This site is optimized with the Yoast SEO plugin v27.4 - https:\/\/yoast.com\/product\/yoast-seo-wordpress\/ -->\n<title>Fra fleksjobber til glad iv\u00e6rks\u00e6tter | Saxis virksomhedsb\u00f8rs blog<\/title>\n<meta name=\"description\" content=\"Fleksjobber skaber sit eget arbejdsliv som iv\u00e6rks\u00e6tter: L\u00e6s om frihed, \u00f8konomi og balancen mellem helbred og selvst\u00e6ndighed.\" \/>\n<meta name=\"robots\" content=\"index, follow, max-snippet:-1, max-image-preview:large, max-video-preview:-1\" \/>\n<link rel=\"canonical\" href=\"https:\/\/www.saxis.dk\/blog\/fleksjobber-glad-ivaerksaetter\/\" \/>\n<meta property=\"og:locale\" content=\"da_DK\" \/>\n<meta property=\"og:type\" content=\"article\" \/>\n<meta property=\"og:title\" content=\"Fra fleksjobber til glad iv\u00e6rks\u00e6tter | Saxis virksomhedsb\u00f8rs blog\" \/>\n<meta property=\"og:description\" content=\"Fleksjobber skaber sit eget arbejdsliv som iv\u00e6rks\u00e6tter: L\u00e6s om frihed, \u00f8konomi og balancen mellem helbred og selvst\u00e6ndighed.\" \/>\n<meta property=\"og:url\" content=\"https:\/\/www.saxis.dk\/blog\/fleksjobber-glad-ivaerksaetter\/\" \/>\n<meta property=\"og:site_name\" content=\"Saxis virksomhedsb\u00f8rs blog\" \/>\n<meta property=\"article:publisher\" content=\"https:\/\/www.facebook.com\/virksomhedsbors\/\" \/>\n<meta property=\"article:published_time\" content=\"2016-08-29T10:06:12+00:00\" \/>\n<meta property=\"article:modified_time\" content=\"2025-12-09T18:44:24+00:00\" \/>\n<meta property=\"og:image\" content=\"https:\/\/www.saxis.dk\/blog\/wp-content\/uploads\/2016\/08\/IMG_0177.jpg\" \/>\n\t<meta property=\"og:image:width\" content=\"1555\" \/>\n\t<meta property=\"og:image:height\" content=\"1037\" \/>\n\t<meta property=\"og:image:type\" content=\"image\/jpeg\" \/>\n<meta name=\"author\" content=\"Mette Jeannot\" \/>\n<meta name=\"twitter:card\" content=\"summary_large_image\" \/>\n<meta name=\"twitter:creator\" content=\"@virksomhedsbors\" \/>\n<meta name=\"twitter:site\" content=\"@virksomhedsbors\" \/>\n<meta name=\"twitter:label1\" content=\"Skrevet af\" \/>\n\t<meta name=\"twitter:data1\" content=\"Mette Jeannot\" \/>\n\t<meta name=\"twitter:label2\" content=\"Estimeret l\u00e6setid\" \/>\n\t<meta name=\"twitter:data2\" content=\"5 minutter\" \/>\n<script type=\"application\/ld+json\" class=\"yoast-schema-graph\">{\"@context\":\"https:\\\/\\\/schema.org\",\"@graph\":[{\"@type\":\"Article\",\"@id\":\"https:\\\/\\\/www.saxis.dk\\\/blog\\\/fleksjobber-glad-ivaerksaetter\\\/#article\",\"isPartOf\":{\"@id\":\"https:\\\/\\\/www.saxis.dk\\\/blog\\\/fleksjobber-glad-ivaerksaetter\\\/\"},\"author\":{\"name\":\"Mette Jeannot\",\"@id\":\"https:\\\/\\\/www.saxis.dk\\\/blog\\\/#\\\/schema\\\/person\\\/7c2e254eb0bb2ca677f4483cec1e2194\"},\"headline\":\"Fra fleksjobber til glad iv\u00e6rks\u00e6tter\",\"datePublished\":\"2016-08-29T10:06:12+00:00\",\"dateModified\":\"2025-12-09T18:44:24+00:00\",\"mainEntityOfPage\":{\"@id\":\"https:\\\/\\\/www.saxis.dk\\\/blog\\\/fleksjobber-glad-ivaerksaetter\\\/\"},\"wordCount\":818,\"publisher\":{\"@id\":\"https:\\\/\\\/www.saxis.dk\\\/blog\\\/#organization\"},\"image\":{\"@id\":\"https:\\\/\\\/www.saxis.dk\\\/blog\\\/fleksjobber-glad-ivaerksaetter\\\/#primaryimage\"},\"thumbnailUrl\":\"https:\\\/\\\/www.saxis.dk\\\/blog\\\/wp-content\\\/uploads\\\/2016\\\/08\\\/IMG_0177.jpg\",\"articleSection\":[\"Hvem bruger Saxis?\",\"Iv\u00e6rks\u00e6tterhistorier\",\"K\u00f8bercases\"],\"inLanguage\":\"da-DK\"},{\"@type\":\"WebPage\",\"@id\":\"https:\\\/\\\/www.saxis.dk\\\/blog\\\/fleksjobber-glad-ivaerksaetter\\\/\",\"url\":\"https:\\\/\\\/www.saxis.dk\\\/blog\\\/fleksjobber-glad-ivaerksaetter\\\/\",\"name\":\"Fra fleksjobber til glad iv\u00e6rks\u00e6tter | Saxis virksomhedsb\u00f8rs blog\",\"isPartOf\":{\"@id\":\"https:\\\/\\\/www.saxis.dk\\\/blog\\\/#website\"},\"primaryImageOfPage\":{\"@id\":\"https:\\\/\\\/www.saxis.dk\\\/blog\\\/fleksjobber-glad-ivaerksaetter\\\/#primaryimage\"},\"image\":{\"@id\":\"https:\\\/\\\/www.saxis.dk\\\/blog\\\/fleksjobber-glad-ivaerksaetter\\\/#primaryimage\"},\"thumbnailUrl\":\"https:\\\/\\\/www.saxis.dk\\\/blog\\\/wp-content\\\/uploads\\\/2016\\\/08\\\/IMG_0177.jpg\",\"datePublished\":\"2016-08-29T10:06:12+00:00\",\"dateModified\":\"2025-12-09T18:44:24+00:00\",\"description\":\"Fleksjobber skaber sit eget arbejdsliv som iv\u00e6rks\u00e6tter: L\u00e6s om frihed, \u00f8konomi og balancen mellem helbred og selvst\u00e6ndighed.\",\"breadcrumb\":{\"@id\":\"https:\\\/\\\/www.saxis.dk\\\/blog\\\/fleksjobber-glad-ivaerksaetter\\\/#breadcrumb\"},\"inLanguage\":\"da-DK\",\"potentialAction\":[{\"@type\":\"ReadAction\",\"target\":[\"https:\\\/\\\/www.saxis.dk\\\/blog\\\/fleksjobber-glad-ivaerksaetter\\\/\"]}]},{\"@type\":\"ImageObject\",\"inLanguage\":\"da-DK\",\"@id\":\"https:\\\/\\\/www.saxis.dk\\\/blog\\\/fleksjobber-glad-ivaerksaetter\\\/#primaryimage\",\"url\":\"https:\\\/\\\/www.saxis.dk\\\/blog\\\/wp-content\\\/uploads\\\/2016\\\/08\\\/IMG_0177.jpg\",\"contentUrl\":\"https:\\\/\\\/www.saxis.dk\\\/blog\\\/wp-content\\\/uploads\\\/2016\\\/08\\\/IMG_0177.jpg\",\"width\":1555,\"height\":1037},{\"@type\":\"BreadcrumbList\",\"@id\":\"https:\\\/\\\/www.saxis.dk\\\/blog\\\/fleksjobber-glad-ivaerksaetter\\\/#breadcrumb\",\"itemListElement\":[{\"@type\":\"ListItem\",\"position\":1,\"name\":\"Blog\",\"item\":\"https:\\\/\\\/www.saxis.dk\\\/blog\\\/\"},{\"@type\":\"ListItem\",\"position\":2,\"name\":\"Artikler\",\"item\":\"https:\\\/\\\/www.saxis.dk\\\/blog\\\/category\\\/artikler\\\/\"},{\"@type\":\"ListItem\",\"position\":3,\"name\":\"K\u00f8bercases\",\"item\":\"https:\\\/\\\/www.saxis.dk\\\/blog\\\/category\\\/artikler\\\/koebercases-artikler\\\/\"},{\"@type\":\"ListItem\",\"position\":4,\"name\":\"Fra fleksjobber til glad iv\u00e6rks\u00e6tter\"}]},{\"@type\":\"WebSite\",\"@id\":\"https:\\\/\\\/www.saxis.dk\\\/blog\\\/#website\",\"url\":\"https:\\\/\\\/www.saxis.dk\\\/blog\\\/\",\"name\":\"Saxis virksomhedsb\u00f8rs blog\",\"description\":\"Blog om k\u00f8b og salg af virksomheder, g\u00e6steblogs fra Danmarks dygtigste virksomhedsledere og meget mere.\",\"publisher\":{\"@id\":\"https:\\\/\\\/www.saxis.dk\\\/blog\\\/#organization\"},\"potentialAction\":[{\"@type\":\"SearchAction\",\"target\":{\"@type\":\"EntryPoint\",\"urlTemplate\":\"https:\\\/\\\/www.saxis.dk\\\/blog\\\/?s={search_term_string}\"},\"query-input\":{\"@type\":\"PropertyValueSpecification\",\"valueRequired\":true,\"valueName\":\"search_term_string\"}}],\"inLanguage\":\"da-DK\"},{\"@type\":\"Organization\",\"@id\":\"https:\\\/\\\/www.saxis.dk\\\/blog\\\/#organization\",\"name\":\"Saxis Virksomhedsb\u00f8rs\",\"url\":\"https:\\\/\\\/www.saxis.dk\\\/blog\\\/\",\"logo\":{\"@type\":\"ImageObject\",\"inLanguage\":\"da-DK\",\"@id\":\"https:\\\/\\\/www.saxis.dk\\\/blog\\\/#\\\/schema\\\/logo\\\/image\\\/\",\"url\":\"https:\\\/\\\/www.saxis.dk\\\/blog\\\/wp-content\\\/uploads\\\/2018\\\/05\\\/logo-blog-saxis.png\",\"contentUrl\":\"https:\\\/\\\/www.saxis.dk\\\/blog\\\/wp-content\\\/uploads\\\/2018\\\/05\\\/logo-blog-saxis.png\",\"width\":916,\"height\":272,\"caption\":\"Saxis Virksomhedsb\u00f8rs\"},\"image\":{\"@id\":\"https:\\\/\\\/www.saxis.dk\\\/blog\\\/#\\\/schema\\\/logo\\\/image\\\/\"},\"sameAs\":[\"https:\\\/\\\/www.facebook.com\\\/virksomhedsbors\\\/\",\"https:\\\/\\\/x.com\\\/virksomhedsbors\"]},{\"@type\":\"Person\",\"@id\":\"https:\\\/\\\/www.saxis.dk\\\/blog\\\/#\\\/schema\\\/person\\\/7c2e254eb0bb2ca677f4483cec1e2194\",\"name\":\"Mette Jeannot\",\"image\":{\"@type\":\"ImageObject\",\"inLanguage\":\"da-DK\",\"@id\":\"https:\\\/\\\/secure.gravatar.com\\\/avatar\\\/b0c675d5b1f4d0c2760a168970ddd4216d210a5df3a530ac853796f24abee1b8?s=96&d=mm&r=g\",\"url\":\"https:\\\/\\\/secure.gravatar.com\\\/avatar\\\/b0c675d5b1f4d0c2760a168970ddd4216d210a5df3a530ac853796f24abee1b8?s=96&d=mm&r=g\",\"contentUrl\":\"https:\\\/\\\/secure.gravatar.com\\\/avatar\\\/b0c675d5b1f4d0c2760a168970ddd4216d210a5df3a530ac853796f24abee1b8?s=96&d=mm&r=g\",\"caption\":\"Mette Jeannot\"},\"url\":\"https:\\\/\\\/www.saxis.dk\\\/blog\\\/author\\\/mette\\\/\"}]}<\/script>\n<!-- \/ Yoast SEO plugin. -->","yoast_head_json":{"title":"Fra fleksjobber til glad iv\u00e6rks\u00e6tter | Saxis virksomhedsb\u00f8rs blog","description":"Fleksjobber skaber sit eget arbejdsliv som iv\u00e6rks\u00e6tter: L\u00e6s om frihed, \u00f8konomi og balancen mellem helbred og selvst\u00e6ndighed.","robots":{"index":"index","follow":"follow","max-snippet":"max-snippet:-1","max-image-preview":"max-image-preview:large","max-video-preview":"max-video-preview:-1"},"canonical":"https:\/\/www.saxis.dk\/blog\/fleksjobber-glad-ivaerksaetter\/","og_locale":"da_DK","og_type":"article","og_title":"Fra fleksjobber til glad iv\u00e6rks\u00e6tter | Saxis virksomhedsb\u00f8rs blog","og_description":"Fleksjobber skaber sit eget arbejdsliv som iv\u00e6rks\u00e6tter: L\u00e6s om frihed, \u00f8konomi og balancen mellem helbred og selvst\u00e6ndighed.","og_url":"https:\/\/www.saxis.dk\/blog\/fleksjobber-glad-ivaerksaetter\/","og_site_name":"Saxis virksomhedsb\u00f8rs blog","article_publisher":"https:\/\/www.facebook.com\/virksomhedsbors\/","article_published_time":"2016-08-29T10:06:12+00:00","article_modified_time":"2025-12-09T18:44:24+00:00","og_image":[{"width":1555,"height":1037,"url":"https:\/\/www.saxis.dk\/blog\/wp-content\/uploads\/2016\/08\/IMG_0177.jpg","type":"image\/jpeg"}],"author":"Mette Jeannot","twitter_card":"summary_large_image","twitter_creator":"@virksomhedsbors","twitter_site":"@virksomhedsbors","twitter_misc":{"Skrevet af":"Mette Jeannot","Estimeret l\u00e6setid":"5 minutter"},"schema":{"@context":"https:\/\/schema.org","@graph":[{"@type":"Article","@id":"https:\/\/www.saxis.dk\/blog\/fleksjobber-glad-ivaerksaetter\/#article","isPartOf":{"@id":"https:\/\/www.saxis.dk\/blog\/fleksjobber-glad-ivaerksaetter\/"},"author":{"name":"Mette Jeannot","@id":"https:\/\/www.saxis.dk\/blog\/#\/schema\/person\/7c2e254eb0bb2ca677f4483cec1e2194"},"headline":"Fra fleksjobber til glad iv\u00e6rks\u00e6tter","datePublished":"2016-08-29T10:06:12+00:00","dateModified":"2025-12-09T18:44:24+00:00","mainEntityOfPage":{"@id":"https:\/\/www.saxis.dk\/blog\/fleksjobber-glad-ivaerksaetter\/"},"wordCount":818,"publisher":{"@id":"https:\/\/www.saxis.dk\/blog\/#organization"},"image":{"@id":"https:\/\/www.saxis.dk\/blog\/fleksjobber-glad-ivaerksaetter\/#primaryimage"},"thumbnailUrl":"https:\/\/www.saxis.dk\/blog\/wp-content\/uploads\/2016\/08\/IMG_0177.jpg","articleSection":["Hvem bruger Saxis?","Iv\u00e6rks\u00e6tterhistorier","K\u00f8bercases"],"inLanguage":"da-DK"},{"@type":"WebPage","@id":"https:\/\/www.saxis.dk\/blog\/fleksjobber-glad-ivaerksaetter\/","url":"https:\/\/www.saxis.dk\/blog\/fleksjobber-glad-ivaerksaetter\/","name":"Fra fleksjobber til glad iv\u00e6rks\u00e6tter | Saxis virksomhedsb\u00f8rs blog","isPartOf":{"@id":"https:\/\/www.saxis.dk\/blog\/#website"},"primaryImageOfPage":{"@id":"https:\/\/www.saxis.dk\/blog\/fleksjobber-glad-ivaerksaetter\/#primaryimage"},"image":{"@id":"https:\/\/www.saxis.dk\/blog\/fleksjobber-glad-ivaerksaetter\/#primaryimage"},"thumbnailUrl":"https:\/\/www.saxis.dk\/blog\/wp-content\/uploads\/2016\/08\/IMG_0177.jpg","datePublished":"2016-08-29T10:06:12+00:00","dateModified":"2025-12-09T18:44:24+00:00","description":"Fleksjobber skaber sit eget arbejdsliv som iv\u00e6rks\u00e6tter: L\u00e6s om frihed, \u00f8konomi og balancen mellem helbred og selvst\u00e6ndighed.","breadcrumb":{"@id":"https:\/\/www.saxis.dk\/blog\/fleksjobber-glad-ivaerksaetter\/#breadcrumb"},"inLanguage":"da-DK","potentialAction":[{"@type":"ReadAction","target":["https:\/\/www.saxis.dk\/blog\/fleksjobber-glad-ivaerksaetter\/"]}]},{"@type":"ImageObject","inLanguage":"da-DK","@id":"https:\/\/www.saxis.dk\/blog\/fleksjobber-glad-ivaerksaetter\/#primaryimage","url":"https:\/\/www.saxis.dk\/blog\/wp-content\/uploads\/2016\/08\/IMG_0177.jpg","contentUrl":"https:\/\/www.saxis.dk\/blog\/wp-content\/uploads\/2016\/08\/IMG_0177.jpg","width":1555,"height":1037},{"@type":"BreadcrumbList","@id":"https:\/\/www.saxis.dk\/blog\/fleksjobber-glad-ivaerksaetter\/#breadcrumb","itemListElement":[{"@type":"ListItem","position":1,"name":"Blog","item":"https:\/\/www.saxis.dk\/blog\/"},{"@type":"ListItem","position":2,"name":"Artikler","item":"https:\/\/www.saxis.dk\/blog\/category\/artikler\/"},{"@type":"ListItem","position":3,"name":"K\u00f8bercases","item":"https:\/\/www.saxis.dk\/blog\/category\/artikler\/koebercases-artikler\/"},{"@type":"ListItem","position":4,"name":"Fra fleksjobber til glad iv\u00e6rks\u00e6tter"}]},{"@type":"WebSite","@id":"https:\/\/www.saxis.dk\/blog\/#website","url":"https:\/\/www.saxis.dk\/blog\/","name":"Saxis virksomhedsb\u00f8rs blog","description":"Blog om k\u00f8b og salg af virksomheder, g\u00e6steblogs fra Danmarks dygtigste virksomhedsledere og meget mere.","publisher":{"@id":"https:\/\/www.saxis.dk\/blog\/#organization"},"potentialAction":[{"@type":"SearchAction","target":{"@type":"EntryPoint","urlTemplate":"https:\/\/www.saxis.dk\/blog\/?s={search_term_string}"},"query-input":{"@type":"PropertyValueSpecification","valueRequired":true,"valueName":"search_term_string"}}],"inLanguage":"da-DK"},{"@type":"Organization","@id":"https:\/\/www.saxis.dk\/blog\/#organization","name":"Saxis Virksomhedsb\u00f8rs","url":"https:\/\/www.saxis.dk\/blog\/","logo":{"@type":"ImageObject","inLanguage":"da-DK","@id":"https:\/\/www.saxis.dk\/blog\/#\/schema\/logo\/image\/","url":"https:\/\/www.saxis.dk\/blog\/wp-content\/uploads\/2018\/05\/logo-blog-saxis.png","contentUrl":"https:\/\/www.saxis.dk\/blog\/wp-content\/uploads\/2018\/05\/logo-blog-saxis.png","width":916,"height":272,"caption":"Saxis Virksomhedsb\u00f8rs"},"image":{"@id":"https:\/\/www.saxis.dk\/blog\/#\/schema\/logo\/image\/"},"sameAs":["https:\/\/www.facebook.com\/virksomhedsbors\/","https:\/\/x.com\/virksomhedsbors"]},{"@type":"Person","@id":"https:\/\/www.saxis.dk\/blog\/#\/schema\/person\/7c2e254eb0bb2ca677f4483cec1e2194","name":"Mette Jeannot","image":{"@type":"ImageObject","inLanguage":"da-DK","@id":"https:\/\/secure.gravatar.com\/avatar\/b0c675d5b1f4d0c2760a168970ddd4216d210a5df3a530ac853796f24abee1b8?s=96&d=mm&r=g","url":"https:\/\/secure.gravatar.com\/avatar\/b0c675d5b1f4d0c2760a168970ddd4216d210a5df3a530ac853796f24abee1b8?s=96&d=mm&r=g","contentUrl":"https:\/\/secure.gravatar.com\/avatar\/b0c675d5b1f4d0c2760a168970ddd4216d210a5df3a530ac853796f24abee1b8?s=96&d=mm&r=g","caption":"Mette Jeannot"},"url":"https:\/\/www.saxis.dk\/blog\/author\/mette\/"}]}},"_links":{"self":[{"href":"https:\/\/www.saxis.dk\/blog\/wp-json\/wp\/v2\/posts\/3299","targetHints":{"allow":["GET"]}}],"collection":[{"href":"https:\/\/www.saxis.dk\/blog\/wp-json\/wp\/v2\/posts"}],"about":[{"href":"https:\/\/www.saxis.dk\/blog\/wp-json\/wp\/v2\/types\/post"}],"author":[{"embeddable":true,"href":"https:\/\/www.saxis.dk\/blog\/wp-json\/wp\/v2\/users\/18"}],"replies":[{"embeddable":true,"href":"https:\/\/www.saxis.dk\/blog\/wp-json\/wp\/v2\/comments?post=3299"}],"version-history":[{"count":17,"href":"https:\/\/www.saxis.dk\/blog\/wp-json\/wp\/v2\/posts\/3299\/revisions"}],"predecessor-version":[{"id":8614,"href":"https:\/\/www.saxis.dk\/blog\/wp-json\/wp\/v2\/posts\/3299\/revisions\/8614"}],"wp:featuredmedia":[{"embeddable":true,"href":"https:\/\/www.saxis.dk\/blog\/wp-json\/wp\/v2\/media\/3300"}],"wp:attachment":[{"href":"https:\/\/www.saxis.dk\/blog\/wp-json\/wp\/v2\/media?parent=3299"}],"wp:term":[{"taxonomy":"category","embeddable":true,"href":"https:\/\/www.saxis.dk\/blog\/wp-json\/wp\/v2\/categories?post=3299"},{"taxonomy":"post_tag","embeddable":true,"href":"https:\/\/www.saxis.dk\/blog\/wp-json\/wp\/v2\/tags?post=3299"}],"curies":[{"name":"wp","href":"https:\/\/api.w.org\/{rel}","templated":true}]}}