{"id":2551,"date":"2016-03-24T11:22:31","date_gmt":"2016-03-24T09:22:31","guid":{"rendered":"http:\/\/vborscms.amino.dk\/?page_id=2551"},"modified":"2019-05-20T14:26:25","modified_gmt":"2019-05-20T12:26:25","slug":"kan-man-saelge-sin-facebook-gruppe","status":"publish","type":"post","link":"https:\/\/www.saxis.dk\/blog\/kan-man-saelge-sin-facebook-gruppe\/","title":{"rendered":"Bigum svarer: Kan man s\u00e6lge sin Facebook gruppe ?"},"content":{"rendered":"<p>&nbsp;<\/p>\n<p><iframe loading=\"lazy\" title=\"Hvad er en facebookgruppe v\u00e6rd? \/ kan man s\u00e6lge en gruppe p\u00e5 Facebook \/ slag af grupper p\u00e5 Facebook\" width=\"640\" height=\"360\" src=\"https:\/\/www.youtube.com\/embed\/_H9rge31dMo?feature=oembed\" frameborder=\"0\" allow=\"accelerometer; autoplay; clipboard-write; encrypted-media; gyroscope; picture-in-picture; web-share\" referrerpolicy=\"strict-origin-when-cross-origin\" allowfullscreen><\/iframe><\/p>\n<p style=\"text-align: justify;\"><em>Ofte bliver vi spurgt om k\u00f8b og salg af Facebook grupper. Det er ikke et emne vi har s\u00e5 meget erfaring med herinde, men det begynder at blive mere og mere popul\u00e6rt. Derfor t\u00e6nkte jeg at Facebook ekspert Thomas Bigum, nok havde noget at sige og det resulterede i videoen ovenfor, jeg h\u00e5ber det kan give svar p\u00e5\u00a0de sp\u00f8rgsm\u00e5l, nogle af jer sidder med.<\/em><\/p>\n<p style=\"text-align: justify;\">Det korte svar er ja. Det kan man godt. Det er en smule besv\u00e6rligt, hvis man skal f\u00f8lge Facebooks retningslinjer, men det er ikke ulovligt &#8211; s\u00e5 vidt vi har kunne finde frem til i hvert fald.<\/p>\n<h2 style=\"text-align: justify;\">Hvorfor vil nogen k\u00f8be en facebook gruppe?<\/h2>\n<p style=\"text-align: justify;\">Det kan v\u00e6re en god investering, hvis din forretningsmodel og marketingstrategi underst\u00f8tter det.<\/p>\n<p style=\"text-align: justify;\">Det gode ved en gruppe er, at medlemmerne f\u00e5r en notifikation, n\u00e5r der bliver skrevet noget nyt i gruppen og derfor kommer du ud til potentielle kunder, p\u00e5 en anden m\u00e5de end ved en FacebookPage, hvor du opererer i brugernes newsfeeds.<\/p>\n<p style=\"text-align: justify;\">Hvis du f.eks. har en content strategi, kan grupper indenfor\u00a0bestemte emner, v\u00e6re gode steder at sprede dit indhold.<\/p>\n<p style=\"text-align: justify;\">Jamen kan man ikke det uden at eje gruppen?<\/p>\n<p style=\"text-align: justify;\">Jo, men ofte vil gruppeadministratorer v\u00e6re p\u00e5 vagt overfor virksomheder, der bruger deres gruppe som marketingplatform og det kan s\u00e6tte nogle begr\u00e6nsninger, for hvor meget indhold du kan dele og hvor ofte.<\/p>\n<p style=\"text-align: justify;\">Hvis du selv ejer gruppen er det dig, der bestemmer.<\/p>\n<p style=\"text-align: justify;\">Du skal selvf\u00f8lgelig ikke skr\u00e6mme medlemmerne v\u00e6k fra gruppen, men hvis du laver godt indhold, som passer til den m\u00e5lgruppe, burde det ikke v\u00e6re noget problem.<\/p>\n<p style=\"text-align: justify;\">Skal du f.eks. etablere dig i et nyt land eller lancere et nyt produkt, kan det v\u00e6re en rigtig god id\u00e9 for at komme ind i de rigtige sociale milj\u00f8er med din markedsf\u00f8ring, s\u00e5 kendskabet til virksomheden eller produktet, kan begynde at sprede sig via WOM (Word of Mouth).<\/p>\n<p>L\u00e6s ogs\u00e5:\u00a0<a href=\"https:\/\/www.saxis.dk\/blog\/5-mader-at-fordoble-din-passive-indkomst\/\">5 m\u00e5der at fordoble din passive indkomst<\/a><\/p>\n<h2 style=\"text-align: justify;\">Hvad er en Facebook gruppe v\u00e6rd?<\/h2>\n<p style=\"text-align: justify;\">Det er der ikke nogen officiel formel p\u00e5.<\/p>\n<p style=\"text-align: justify;\">Det er op til dig, som s\u00e6lger, at forhandle og argumentere.<\/p>\n<p style=\"text-align: justify;\">Jeg har h\u00f8rt gennem netv\u00e6rk, at man kan f\u00e5 3 kr. pr. medlem, men det m\u00e5 jo afh\u00e6nge helt af hvor godt gruppen passer til den virksomhed, der gerne vil k\u00f8be den.<\/p>\n<p style=\"text-align: justify;\">Hvis m\u00e5lgruppen er spot on, vil man jo typisk som virksomhed v\u00e6re mere villig til at betale premium pris, for at f\u00e5 adgang til netv\u00e6rket.<\/p>\n<p style=\"text-align: justify;\">Jeg vil ogs\u00e5 mene at aktiviteten i gruppen har en stor betydning.<\/p>\n<p style=\"text-align: justify;\">Hvis medlemmerne selv skaber rigtig meget aktivitet og godt indhold s\u00e5 det ikke er k\u00f8beren af gruppen, der skal holde liv i den med daglige opdateringer, vil det have en st\u00f8rre v\u00e6rdi.<\/p>\n<p style=\"text-align: justify;\">Medlemstilgangen vil ogs\u00e5 have en betydning.<\/p>\n<p style=\"text-align: justify;\">Hvis gruppen vokser af sig selv, vil det have en st\u00f8rre v\u00e6rdi end hvis k\u00f8beren skal til, at finde nye medlemmer selv.<\/p>\n<p style=\"text-align: justify;\">I sidste ende, ligesom med alt andet, er gruppen det v\u00e6rd, som k\u00f8beren er villig til at give for den, s\u00e5 det er op til dig at v\u00e6re en god forhandler.<\/p>\n<p>L\u00e6s ogs\u00e5:\u00a0<a href=\"https:\/\/www.saxis.dk\/blog\/kom-i-gang-med-seo\/\">Kom i gang med SEO<\/a><\/p>\n<h2>Hvad siger Facebooks retningslinjer ?<\/h2>\n<p style=\"text-align: justify;\">Hvis du kigger p\u00e5 Facebooks <a href=\"https:\/\/www.facebook.com\/legal\/terms\">terms of service<\/a>\u00a0st\u00e5r der, at du ikke m\u00e5 overdrage ejerskabet af en side, gruppe eller applikation til en anden, uden at f\u00e5 Facebooks skriftlige godkendelse af dette.<\/p>\n<p style=\"text-align: justify;\">At f\u00e5 fat i Facebook kan godt v\u00e6re en pr\u00f8velse, s\u00e5 det skal du nok starte med tidligt i salgsprocessen.<\/p>\n<p style=\"text-align: justify;\">Der er ikke specifikke retningslinjer for grupper, p\u00e5 samme m\u00e5de, som der er det omkring Pages.<\/p>\n<p style=\"text-align: justify;\">Derfor m\u00e5 man l\u00e6se ud fra de almindelige brugerbetingelser og her skal man jo forholde sig til at Facebook ejer alt hvad man l\u00e6gger ud p\u00e5 Facebook og samtidig er det Facebook, der egenh\u00e6ndigt bestemmer, om den m\u00e5de du bruger gruppen p\u00e5, er i overensstemmelse med retningslinjerne og de kan lukke gruppen som de lyster.<\/p>\n<p style=\"text-align: justify;\">Dette er selvf\u00f8lgelig en usikkerhed i forhold til at bruge grupper i sin markedsf\u00f8ring, men i princippet er det ikke meget anderledes end med en Page eller Google for den sags skyld.<\/p>\n<p style=\"text-align: justify;\">Man er n\u00f8dt til at g\u00f8re sit bedste for at holde sig indenfor retningslinjerne.<\/p>\n<p>L\u00e6s ogs\u00e5:\u00a0<a href=\"https:\/\/www.saxis.dk\/blog\/undga-at-spilde-penge-pa-google-adwords\/\">Undg\u00e5 at spilde penge p\u00e5 Google Adwords<\/a><\/p>\n<h2>Kan man s\u00e6lge sin Facebook Gruppe p\u00e5 Saxis?<\/h2>\n<p style=\"text-align: justify;\">Vi har ikke set det f\u00f8r. Alts\u00e5 opslag, der udelukkende omhandler en Facebook gruppe.<\/p>\n<p style=\"text-align: justify;\">Nogle gange f\u00f8lger en gruppe med til en virksomhed.<\/p>\n<p style=\"text-align: justify;\">Men vi er \u00e5bne overfor at pr\u00f8ve det af, s\u00e5 derfor accepterer vi annoncer, der handler om Facebook grupper, men vi har ingen kategori til det endnu, s\u00e5 du skal kategorisere din annonce som &#8220;website&#8221;, hvis du vil <a href=\"http:\/\/www.amino.dk\/virksomhedsbors\/newads\/createselling\">oprette en annonce<\/a>.<\/p>\n<p style=\"text-align: justify;\">Jeg h\u00e5ber, at du har f\u00e5et noget ud af at l\u00e6se indl\u00e6gget \u00a0her.<\/p>\n<p style=\"text-align: justify;\">Hvis du selv har erfaring med k\u00f8b eller salg af Facebook grupper eller kender nogen der har, h\u00f8rer jeg gerne fra dig p\u00e5 nro@saxis.dk<\/p>\n<p>\u00a0 <img loading=\"lazy\" decoding=\"async\" class=\"alignnone wp-image-2577\" src=\"http:\/\/www.saxis.dk\/blog\/wp-content\/uploads\/2016\/03\/12510926_10153971568329835_1573341755_o.jpg\" alt=\"12510926_10153971568329835_1573341755_o\" width=\"175\" height=\"250\" \/><\/p>\n<p>De bedste hilsner<\/p>\n<p>Niels Ryding Olsson CEO,\u00a0Saxis<\/p>\n","protected":false},"excerpt":{"rendered":"<p>&nbsp; Ofte bliver vi spurgt om k\u00f8b og salg af Facebook grupper. Det er ikke et emne vi har s\u00e5 meget erfaring med herinde, men det begynder at blive mere og mere popul\u00e6rt. Derfor t\u00e6nkte jeg at Facebook ekspert Thomas Bigum, nok havde noget at sige og det resulterede i videoen ovenfor, jeg h\u00e5ber det&#8230;<\/p>\n<p><a class=\"btn read-more-button understrap-read-more-link\" href=\"https:\/\/www.saxis.dk\/blog\/kan-man-saelge-sin-facebook-gruppe\/\">L\u00e6s mere&#8230;<\/a><\/p>\n","protected":false},"author":18,"featured_media":2578,"comment_status":"open","ping_status":"open","sticky":false,"template":"","format":"standard","meta":{"footnotes":""},"categories":[37,19],"tags":[],"class_list":["post-2551","post","type-post","status-publish","format-standard","has-post-thumbnail","hentry","category-faglige-artikler","category-vaerktoejskassen"],"yoast_head":"<!-- This site is optimized with the Yoast SEO plugin v27.4 - https:\/\/yoast.com\/product\/yoast-seo-wordpress\/ -->\n<title>Bigum svarer: Kan man s\u00e6lge sin Facebook gruppe ? | Saxis virksomhedsb\u00f8rs blog<\/title>\n<meta name=\"description\" content=\"Ofte bliver vi spurgt om k\u00f8b og salg af Facebook grupper. Det begynder at blive mere og mere popul\u00e6rt og derfor har vi spurgt en ekspert.\" \/>\n<meta name=\"robots\" content=\"index, follow, max-snippet:-1, max-image-preview:large, max-video-preview:-1\" \/>\n<link rel=\"canonical\" href=\"https:\/\/www.saxis.dk\/blog\/kan-man-saelge-sin-facebook-gruppe\/\" \/>\n<meta property=\"og:locale\" content=\"da_DK\" \/>\n<meta property=\"og:type\" content=\"article\" \/>\n<meta property=\"og:title\" content=\"Bigum svarer: Kan man s\u00e6lge sin Facebook gruppe ? | Saxis virksomhedsb\u00f8rs blog\" \/>\n<meta property=\"og:description\" content=\"Ofte bliver vi spurgt om k\u00f8b og salg af Facebook grupper. Det begynder at blive mere og mere popul\u00e6rt og derfor har vi spurgt en ekspert.\" \/>\n<meta property=\"og:url\" content=\"https:\/\/www.saxis.dk\/blog\/kan-man-saelge-sin-facebook-gruppe\/\" \/>\n<meta property=\"og:site_name\" content=\"Saxis virksomhedsb\u00f8rs blog\" \/>\n<meta property=\"article:publisher\" content=\"https:\/\/www.facebook.com\/virksomhedsbors\/\" \/>\n<meta property=\"article:published_time\" content=\"2016-03-24T09:22:31+00:00\" \/>\n<meta property=\"article:modified_time\" content=\"2019-05-20T12:26:25+00:00\" \/>\n<meta property=\"og:image\" content=\"https:\/\/www.saxis.dk\/blog\/wp-content\/uploads\/2016\/03\/facebook-group.jpg\" \/>\n\t<meta property=\"og:image:width\" content=\"900\" \/>\n\t<meta property=\"og:image:height\" content=\"400\" \/>\n\t<meta property=\"og:image:type\" content=\"image\/jpeg\" \/>\n<meta name=\"author\" content=\"Mette Jeannot\" \/>\n<meta name=\"twitter:card\" content=\"summary_large_image\" \/>\n<meta name=\"twitter:creator\" content=\"@virksomhedsbors\" \/>\n<meta name=\"twitter:site\" content=\"@virksomhedsbors\" \/>\n<meta name=\"twitter:label1\" content=\"Skrevet af\" \/>\n\t<meta name=\"twitter:data1\" content=\"Mette Jeannot\" \/>\n\t<meta name=\"twitter:label2\" content=\"Estimeret l\u00e6setid\" \/>\n\t<meta name=\"twitter:data2\" content=\"4 minutter\" \/>\n<script type=\"application\/ld+json\" class=\"yoast-schema-graph\">{\"@context\":\"https:\\\/\\\/schema.org\",\"@graph\":[{\"@type\":\"Article\",\"@id\":\"https:\\\/\\\/www.saxis.dk\\\/blog\\\/kan-man-saelge-sin-facebook-gruppe\\\/#article\",\"isPartOf\":{\"@id\":\"https:\\\/\\\/www.saxis.dk\\\/blog\\\/kan-man-saelge-sin-facebook-gruppe\\\/\"},\"author\":{\"name\":\"Mette Jeannot\",\"@id\":\"https:\\\/\\\/www.saxis.dk\\\/blog\\\/#\\\/schema\\\/person\\\/7c2e254eb0bb2ca677f4483cec1e2194\"},\"headline\":\"Bigum svarer: Kan man s\u00e6lge sin Facebook gruppe ?\",\"datePublished\":\"2016-03-24T09:22:31+00:00\",\"dateModified\":\"2019-05-20T12:26:25+00:00\",\"mainEntityOfPage\":{\"@id\":\"https:\\\/\\\/www.saxis.dk\\\/blog\\\/kan-man-saelge-sin-facebook-gruppe\\\/\"},\"wordCount\":902,\"commentCount\":1,\"publisher\":{\"@id\":\"https:\\\/\\\/www.saxis.dk\\\/blog\\\/#organization\"},\"image\":{\"@id\":\"https:\\\/\\\/www.saxis.dk\\\/blog\\\/kan-man-saelge-sin-facebook-gruppe\\\/#primaryimage\"},\"thumbnailUrl\":\"https:\\\/\\\/www.saxis.dk\\\/blog\\\/wp-content\\\/uploads\\\/2016\\\/03\\\/facebook-group.jpg\",\"articleSection\":[\"Faglige Artikler\",\"V\u00e6rkt\u00f8jskassen\"],\"inLanguage\":\"da-DK\",\"potentialAction\":[{\"@type\":\"CommentAction\",\"name\":\"Comment\",\"target\":[\"https:\\\/\\\/www.saxis.dk\\\/blog\\\/kan-man-saelge-sin-facebook-gruppe\\\/#respond\"]}]},{\"@type\":\"WebPage\",\"@id\":\"https:\\\/\\\/www.saxis.dk\\\/blog\\\/kan-man-saelge-sin-facebook-gruppe\\\/\",\"url\":\"https:\\\/\\\/www.saxis.dk\\\/blog\\\/kan-man-saelge-sin-facebook-gruppe\\\/\",\"name\":\"Bigum svarer: Kan man s\u00e6lge sin Facebook gruppe ? | Saxis virksomhedsb\u00f8rs blog\",\"isPartOf\":{\"@id\":\"https:\\\/\\\/www.saxis.dk\\\/blog\\\/#website\"},\"primaryImageOfPage\":{\"@id\":\"https:\\\/\\\/www.saxis.dk\\\/blog\\\/kan-man-saelge-sin-facebook-gruppe\\\/#primaryimage\"},\"image\":{\"@id\":\"https:\\\/\\\/www.saxis.dk\\\/blog\\\/kan-man-saelge-sin-facebook-gruppe\\\/#primaryimage\"},\"thumbnailUrl\":\"https:\\\/\\\/www.saxis.dk\\\/blog\\\/wp-content\\\/uploads\\\/2016\\\/03\\\/facebook-group.jpg\",\"datePublished\":\"2016-03-24T09:22:31+00:00\",\"dateModified\":\"2019-05-20T12:26:25+00:00\",\"description\":\"Ofte bliver vi spurgt om k\u00f8b og salg af Facebook grupper. Det begynder at blive mere og mere popul\u00e6rt og derfor har vi spurgt en ekspert.\",\"breadcrumb\":{\"@id\":\"https:\\\/\\\/www.saxis.dk\\\/blog\\\/kan-man-saelge-sin-facebook-gruppe\\\/#breadcrumb\"},\"inLanguage\":\"da-DK\",\"potentialAction\":[{\"@type\":\"ReadAction\",\"target\":[\"https:\\\/\\\/www.saxis.dk\\\/blog\\\/kan-man-saelge-sin-facebook-gruppe\\\/\"]}]},{\"@type\":\"ImageObject\",\"inLanguage\":\"da-DK\",\"@id\":\"https:\\\/\\\/www.saxis.dk\\\/blog\\\/kan-man-saelge-sin-facebook-gruppe\\\/#primaryimage\",\"url\":\"https:\\\/\\\/www.saxis.dk\\\/blog\\\/wp-content\\\/uploads\\\/2016\\\/03\\\/facebook-group.jpg\",\"contentUrl\":\"https:\\\/\\\/www.saxis.dk\\\/blog\\\/wp-content\\\/uploads\\\/2016\\\/03\\\/facebook-group.jpg\",\"width\":900,\"height\":400},{\"@type\":\"BreadcrumbList\",\"@id\":\"https:\\\/\\\/www.saxis.dk\\\/blog\\\/kan-man-saelge-sin-facebook-gruppe\\\/#breadcrumb\",\"itemListElement\":[{\"@type\":\"ListItem\",\"position\":1,\"name\":\"Blog\",\"item\":\"https:\\\/\\\/www.saxis.dk\\\/blog\\\/\"},{\"@type\":\"ListItem\",\"position\":2,\"name\":\"Artikler\",\"item\":\"https:\\\/\\\/www.saxis.dk\\\/blog\\\/category\\\/artikler\\\/\"},{\"@type\":\"ListItem\",\"position\":3,\"name\":\"Faglige Artikler\",\"item\":\"https:\\\/\\\/www.saxis.dk\\\/blog\\\/category\\\/artikler\\\/faglige-artikler\\\/\"},{\"@type\":\"ListItem\",\"position\":4,\"name\":\"Bigum svarer: Kan man s\u00e6lge sin Facebook gruppe ?\"}]},{\"@type\":\"WebSite\",\"@id\":\"https:\\\/\\\/www.saxis.dk\\\/blog\\\/#website\",\"url\":\"https:\\\/\\\/www.saxis.dk\\\/blog\\\/\",\"name\":\"Saxis virksomhedsb\u00f8rs blog\",\"description\":\"Blog om k\u00f8b og salg af virksomheder, g\u00e6steblogs fra Danmarks dygtigste virksomhedsledere og meget mere.\",\"publisher\":{\"@id\":\"https:\\\/\\\/www.saxis.dk\\\/blog\\\/#organization\"},\"potentialAction\":[{\"@type\":\"SearchAction\",\"target\":{\"@type\":\"EntryPoint\",\"urlTemplate\":\"https:\\\/\\\/www.saxis.dk\\\/blog\\\/?s={search_term_string}\"},\"query-input\":{\"@type\":\"PropertyValueSpecification\",\"valueRequired\":true,\"valueName\":\"search_term_string\"}}],\"inLanguage\":\"da-DK\"},{\"@type\":\"Organization\",\"@id\":\"https:\\\/\\\/www.saxis.dk\\\/blog\\\/#organization\",\"name\":\"Saxis Virksomhedsb\u00f8rs\",\"url\":\"https:\\\/\\\/www.saxis.dk\\\/blog\\\/\",\"logo\":{\"@type\":\"ImageObject\",\"inLanguage\":\"da-DK\",\"@id\":\"https:\\\/\\\/www.saxis.dk\\\/blog\\\/#\\\/schema\\\/logo\\\/image\\\/\",\"url\":\"https:\\\/\\\/www.saxis.dk\\\/blog\\\/wp-content\\\/uploads\\\/2018\\\/05\\\/logo-blog-saxis.png\",\"contentUrl\":\"https:\\\/\\\/www.saxis.dk\\\/blog\\\/wp-content\\\/uploads\\\/2018\\\/05\\\/logo-blog-saxis.png\",\"width\":916,\"height\":272,\"caption\":\"Saxis Virksomhedsb\u00f8rs\"},\"image\":{\"@id\":\"https:\\\/\\\/www.saxis.dk\\\/blog\\\/#\\\/schema\\\/logo\\\/image\\\/\"},\"sameAs\":[\"https:\\\/\\\/www.facebook.com\\\/virksomhedsbors\\\/\",\"https:\\\/\\\/x.com\\\/virksomhedsbors\"]},{\"@type\":\"Person\",\"@id\":\"https:\\\/\\\/www.saxis.dk\\\/blog\\\/#\\\/schema\\\/person\\\/7c2e254eb0bb2ca677f4483cec1e2194\",\"name\":\"Mette Jeannot\",\"image\":{\"@type\":\"ImageObject\",\"inLanguage\":\"da-DK\",\"@id\":\"https:\\\/\\\/secure.gravatar.com\\\/avatar\\\/b0c675d5b1f4d0c2760a168970ddd4216d210a5df3a530ac853796f24abee1b8?s=96&d=mm&r=g\",\"url\":\"https:\\\/\\\/secure.gravatar.com\\\/avatar\\\/b0c675d5b1f4d0c2760a168970ddd4216d210a5df3a530ac853796f24abee1b8?s=96&d=mm&r=g\",\"contentUrl\":\"https:\\\/\\\/secure.gravatar.com\\\/avatar\\\/b0c675d5b1f4d0c2760a168970ddd4216d210a5df3a530ac853796f24abee1b8?s=96&d=mm&r=g\",\"caption\":\"Mette Jeannot\"},\"url\":\"https:\\\/\\\/www.saxis.dk\\\/blog\\\/author\\\/mette\\\/\"}]}<\/script>\n<!-- \/ Yoast SEO plugin. -->","yoast_head_json":{"title":"Bigum svarer: Kan man s\u00e6lge sin Facebook gruppe ? | Saxis virksomhedsb\u00f8rs blog","description":"Ofte bliver vi spurgt om k\u00f8b og salg af Facebook grupper. Det begynder at blive mere og mere popul\u00e6rt og derfor har vi spurgt en ekspert.","robots":{"index":"index","follow":"follow","max-snippet":"max-snippet:-1","max-image-preview":"max-image-preview:large","max-video-preview":"max-video-preview:-1"},"canonical":"https:\/\/www.saxis.dk\/blog\/kan-man-saelge-sin-facebook-gruppe\/","og_locale":"da_DK","og_type":"article","og_title":"Bigum svarer: Kan man s\u00e6lge sin Facebook gruppe ? | Saxis virksomhedsb\u00f8rs blog","og_description":"Ofte bliver vi spurgt om k\u00f8b og salg af Facebook grupper. Det begynder at blive mere og mere popul\u00e6rt og derfor har vi spurgt en ekspert.","og_url":"https:\/\/www.saxis.dk\/blog\/kan-man-saelge-sin-facebook-gruppe\/","og_site_name":"Saxis virksomhedsb\u00f8rs blog","article_publisher":"https:\/\/www.facebook.com\/virksomhedsbors\/","article_published_time":"2016-03-24T09:22:31+00:00","article_modified_time":"2019-05-20T12:26:25+00:00","og_image":[{"width":900,"height":400,"url":"https:\/\/www.saxis.dk\/blog\/wp-content\/uploads\/2016\/03\/facebook-group.jpg","type":"image\/jpeg"}],"author":"Mette Jeannot","twitter_card":"summary_large_image","twitter_creator":"@virksomhedsbors","twitter_site":"@virksomhedsbors","twitter_misc":{"Skrevet af":"Mette Jeannot","Estimeret l\u00e6setid":"4 minutter"},"schema":{"@context":"https:\/\/schema.org","@graph":[{"@type":"Article","@id":"https:\/\/www.saxis.dk\/blog\/kan-man-saelge-sin-facebook-gruppe\/#article","isPartOf":{"@id":"https:\/\/www.saxis.dk\/blog\/kan-man-saelge-sin-facebook-gruppe\/"},"author":{"name":"Mette Jeannot","@id":"https:\/\/www.saxis.dk\/blog\/#\/schema\/person\/7c2e254eb0bb2ca677f4483cec1e2194"},"headline":"Bigum svarer: Kan man s\u00e6lge sin Facebook gruppe ?","datePublished":"2016-03-24T09:22:31+00:00","dateModified":"2019-05-20T12:26:25+00:00","mainEntityOfPage":{"@id":"https:\/\/www.saxis.dk\/blog\/kan-man-saelge-sin-facebook-gruppe\/"},"wordCount":902,"commentCount":1,"publisher":{"@id":"https:\/\/www.saxis.dk\/blog\/#organization"},"image":{"@id":"https:\/\/www.saxis.dk\/blog\/kan-man-saelge-sin-facebook-gruppe\/#primaryimage"},"thumbnailUrl":"https:\/\/www.saxis.dk\/blog\/wp-content\/uploads\/2016\/03\/facebook-group.jpg","articleSection":["Faglige Artikler","V\u00e6rkt\u00f8jskassen"],"inLanguage":"da-DK","potentialAction":[{"@type":"CommentAction","name":"Comment","target":["https:\/\/www.saxis.dk\/blog\/kan-man-saelge-sin-facebook-gruppe\/#respond"]}]},{"@type":"WebPage","@id":"https:\/\/www.saxis.dk\/blog\/kan-man-saelge-sin-facebook-gruppe\/","url":"https:\/\/www.saxis.dk\/blog\/kan-man-saelge-sin-facebook-gruppe\/","name":"Bigum svarer: Kan man s\u00e6lge sin Facebook gruppe ? | Saxis virksomhedsb\u00f8rs blog","isPartOf":{"@id":"https:\/\/www.saxis.dk\/blog\/#website"},"primaryImageOfPage":{"@id":"https:\/\/www.saxis.dk\/blog\/kan-man-saelge-sin-facebook-gruppe\/#primaryimage"},"image":{"@id":"https:\/\/www.saxis.dk\/blog\/kan-man-saelge-sin-facebook-gruppe\/#primaryimage"},"thumbnailUrl":"https:\/\/www.saxis.dk\/blog\/wp-content\/uploads\/2016\/03\/facebook-group.jpg","datePublished":"2016-03-24T09:22:31+00:00","dateModified":"2019-05-20T12:26:25+00:00","description":"Ofte bliver vi spurgt om k\u00f8b og salg af Facebook grupper. Det begynder at blive mere og mere popul\u00e6rt og derfor har vi spurgt en ekspert.","breadcrumb":{"@id":"https:\/\/www.saxis.dk\/blog\/kan-man-saelge-sin-facebook-gruppe\/#breadcrumb"},"inLanguage":"da-DK","potentialAction":[{"@type":"ReadAction","target":["https:\/\/www.saxis.dk\/blog\/kan-man-saelge-sin-facebook-gruppe\/"]}]},{"@type":"ImageObject","inLanguage":"da-DK","@id":"https:\/\/www.saxis.dk\/blog\/kan-man-saelge-sin-facebook-gruppe\/#primaryimage","url":"https:\/\/www.saxis.dk\/blog\/wp-content\/uploads\/2016\/03\/facebook-group.jpg","contentUrl":"https:\/\/www.saxis.dk\/blog\/wp-content\/uploads\/2016\/03\/facebook-group.jpg","width":900,"height":400},{"@type":"BreadcrumbList","@id":"https:\/\/www.saxis.dk\/blog\/kan-man-saelge-sin-facebook-gruppe\/#breadcrumb","itemListElement":[{"@type":"ListItem","position":1,"name":"Blog","item":"https:\/\/www.saxis.dk\/blog\/"},{"@type":"ListItem","position":2,"name":"Artikler","item":"https:\/\/www.saxis.dk\/blog\/category\/artikler\/"},{"@type":"ListItem","position":3,"name":"Faglige Artikler","item":"https:\/\/www.saxis.dk\/blog\/category\/artikler\/faglige-artikler\/"},{"@type":"ListItem","position":4,"name":"Bigum svarer: Kan man s\u00e6lge sin Facebook gruppe ?"}]},{"@type":"WebSite","@id":"https:\/\/www.saxis.dk\/blog\/#website","url":"https:\/\/www.saxis.dk\/blog\/","name":"Saxis virksomhedsb\u00f8rs blog","description":"Blog om k\u00f8b og salg af virksomheder, g\u00e6steblogs fra Danmarks dygtigste virksomhedsledere og meget mere.","publisher":{"@id":"https:\/\/www.saxis.dk\/blog\/#organization"},"potentialAction":[{"@type":"SearchAction","target":{"@type":"EntryPoint","urlTemplate":"https:\/\/www.saxis.dk\/blog\/?s={search_term_string}"},"query-input":{"@type":"PropertyValueSpecification","valueRequired":true,"valueName":"search_term_string"}}],"inLanguage":"da-DK"},{"@type":"Organization","@id":"https:\/\/www.saxis.dk\/blog\/#organization","name":"Saxis Virksomhedsb\u00f8rs","url":"https:\/\/www.saxis.dk\/blog\/","logo":{"@type":"ImageObject","inLanguage":"da-DK","@id":"https:\/\/www.saxis.dk\/blog\/#\/schema\/logo\/image\/","url":"https:\/\/www.saxis.dk\/blog\/wp-content\/uploads\/2018\/05\/logo-blog-saxis.png","contentUrl":"https:\/\/www.saxis.dk\/blog\/wp-content\/uploads\/2018\/05\/logo-blog-saxis.png","width":916,"height":272,"caption":"Saxis Virksomhedsb\u00f8rs"},"image":{"@id":"https:\/\/www.saxis.dk\/blog\/#\/schema\/logo\/image\/"},"sameAs":["https:\/\/www.facebook.com\/virksomhedsbors\/","https:\/\/x.com\/virksomhedsbors"]},{"@type":"Person","@id":"https:\/\/www.saxis.dk\/blog\/#\/schema\/person\/7c2e254eb0bb2ca677f4483cec1e2194","name":"Mette Jeannot","image":{"@type":"ImageObject","inLanguage":"da-DK","@id":"https:\/\/secure.gravatar.com\/avatar\/b0c675d5b1f4d0c2760a168970ddd4216d210a5df3a530ac853796f24abee1b8?s=96&d=mm&r=g","url":"https:\/\/secure.gravatar.com\/avatar\/b0c675d5b1f4d0c2760a168970ddd4216d210a5df3a530ac853796f24abee1b8?s=96&d=mm&r=g","contentUrl":"https:\/\/secure.gravatar.com\/avatar\/b0c675d5b1f4d0c2760a168970ddd4216d210a5df3a530ac853796f24abee1b8?s=96&d=mm&r=g","caption":"Mette Jeannot"},"url":"https:\/\/www.saxis.dk\/blog\/author\/mette\/"}]}},"_links":{"self":[{"href":"https:\/\/www.saxis.dk\/blog\/wp-json\/wp\/v2\/posts\/2551","targetHints":{"allow":["GET"]}}],"collection":[{"href":"https:\/\/www.saxis.dk\/blog\/wp-json\/wp\/v2\/posts"}],"about":[{"href":"https:\/\/www.saxis.dk\/blog\/wp-json\/wp\/v2\/types\/post"}],"author":[{"embeddable":true,"href":"https:\/\/www.saxis.dk\/blog\/wp-json\/wp\/v2\/users\/18"}],"replies":[{"embeddable":true,"href":"https:\/\/www.saxis.dk\/blog\/wp-json\/wp\/v2\/comments?post=2551"}],"version-history":[{"count":5,"href":"https:\/\/www.saxis.dk\/blog\/wp-json\/wp\/v2\/posts\/2551\/revisions"}],"predecessor-version":[{"id":7094,"href":"https:\/\/www.saxis.dk\/blog\/wp-json\/wp\/v2\/posts\/2551\/revisions\/7094"}],"wp:featuredmedia":[{"embeddable":true,"href":"https:\/\/www.saxis.dk\/blog\/wp-json\/wp\/v2\/media\/2578"}],"wp:attachment":[{"href":"https:\/\/www.saxis.dk\/blog\/wp-json\/wp\/v2\/media?parent=2551"}],"wp:term":[{"taxonomy":"category","embeddable":true,"href":"https:\/\/www.saxis.dk\/blog\/wp-json\/wp\/v2\/categories?post=2551"},{"taxonomy":"post_tag","embeddable":true,"href":"https:\/\/www.saxis.dk\/blog\/wp-json\/wp\/v2\/tags?post=2551"}],"curies":[{"name":"wp","href":"https:\/\/api.w.org\/{rel}","templated":true}]}}