{"id":2440,"date":"2016-02-22T08:31:52","date_gmt":"2016-02-22T06:31:52","guid":{"rendered":"http:\/\/vborscms.amino.dk\/?page_id=2440"},"modified":"2025-11-25T13:08:20","modified_gmt":"2025-11-25T12:08:20","slug":"nyudklaekket-ivaerksaetter-jeg-har-altid-vidst-at-jeg-en-dag-skulle-have-min-egen-virksomhed","status":"publish","type":"post","link":"https:\/\/www.saxis.dk\/blog\/nyudklaekket-ivaerksaetter-jeg-har-altid-vidst-at-jeg-en-dag-skulle-have-min-egen-virksomhed\/","title":{"rendered":"Nyudkl\u00e6kket iv\u00e6rks\u00e6tter: \u201cJeg har altid vidst, at jeg en dag skulle have min egen virksomhed\u201d"},"content":{"rendered":"<p>&nbsp;<\/p>\n<p><img loading=\"lazy\" decoding=\"async\" class=\"aligncenter wp-image-2441\" src=\"http:\/\/www.saxis.dk\/blog\/wp-content\/uploads\/2016\/02\/Joakim.jpg\" alt=\"Joakim\" width=\"527\" height=\"395\" \/><\/p>\n<p><span style=\"font-weight: 400; color: #999999;\">Joakim er, efter eget udsagn, en rigtig vestjyde. Han er udl\u00e6rt t\u00f8mrer og har flair for kvalitet, indretning og design. Han ved hvad han vil og elsker udfordringer. <a href=\"https:\/\/www.amino.dk\/wikis\/erhverv\/hvad-er-en-ivaerksaetter.aspx\" target=\"_blank\" rel=\"noopener\">Iv\u00e6rks\u00e6tteri<\/a> og entrepren\u00f8rskab har altid v\u00e6ret noget Joakim har interesseret sig for. Nu kan han endelig sige han er en del af det, med k\u00f8bet af <a href=\"http:\/\/Decoristen.dk\" target=\"_blank\" rel=\"noopener\">Decoristen.dk<\/a>.<\/span><\/p>\n<p>L\u00e6s ogs\u00e5:\u00a0<a href=\"https:\/\/www.saxis.dk\/blog\/thomas-fik-gang-i-drommen-om-at-blive-sportsivaerksaetter\/\">Thomas fik gang i dr\u00f8mmen om at blive sportsiv\u00e6rks\u00e6tter<\/a><\/p>\n<p><i><span style=\"font-weight: 400;\">\u201cJeg er stolt af, endelig selv at v\u00e6re en del af det. Jeg har altid vidst, at jeg en dag skulle have min egen virksomhed og efter at have fulgt markedet i flere \u00e5r, er jeg mere klar end nogensinde, til at tage springet og er helt sikker p\u00e5, at det rigtige tidspunkt er nu.\u201d <\/span><\/i><\/p>\n<p><span style=\"font-weight: 400;\">Efter k\u00f8bet af den velkendte interi\u00f8r og designwebshop Decoristen.dk, har Joakim allerede lagt planer for udvikling af forretningen. Han planl\u00e6gger at tilf\u00f8je nye brands til produktportef\u00f8ljen og h\u00e5ber p\u00e5 at kunne leve fuldtid af det inden l\u00e6nge.<\/span><\/p>\n<p><i><span style=\"font-weight: 400;\">\u201cMin st\u00f8rste dr\u00f8m er selvf\u00f8lgelig, at jeg inden l\u00e6nge kan opsige mit nuv\u00e6rende job som vindm\u00f8llemont\u00f8r og leve 100% af min virksomhed\u201d<\/span><\/i><span style=\"font-weight: 400;\">, forklarer han og forts\u00e6tter: <\/span><\/p>\n<p><i><span style=\"font-weight: 400;\">\u201cJeg har meget store ambitioner, men man skal ogs\u00e5 v\u00e6re ydmyg. Kigger man i et l\u00e6ngere perspektiv, h\u00e5ber jeg, at decoristen.dk bliver en k\u00e6de af fysiske <a href=\"https:\/\/www.saxis.dk\/type\/butik\">butikker<\/a> med alt indenfor interi\u00f8r, m\u00f8bler og livsstil\u201d&#8217;<\/span><\/i><\/p>\n<p>L\u00e6s ogs\u00e5:\u00a0<a href=\"https:\/\/www.saxis.dk\/blog\/to-unge-studerende-odense-koeber-virksomhed\/\">To unge studerende fra Odense k\u00f8ber virksomhed<\/a><\/p>\n<h2><span style=\"font-weight: 400;\">Processen omkring k\u00f8bet<\/span><\/h2>\n<p><span style=\"font-weight: 400;\">K\u00f8b og salg af virksomheder kan godt v\u00e6re en jungle at finde rundt i. Derfor spurgte vi Joakim, hvorfor han valgte\u00a0Saxis. Til det svarede han:<\/span><\/p>\n<p><i><span style=\"font-weight: 400;\">\u201cIkke kun fordi, at I har det gode ry, men ogs\u00e5 fordi, at jeg synes I har det klart st\u00f8rste udvalg af virksomheder til salg, og med t\u00e5lmodighed nok, s\u00e5 kommer den helt rigtige virksomhed for alle til salg, hvilket ogs\u00e5 var tilf\u00e6ldet med mig.<\/span><\/i><\/p>\n<p><i><span style=\"font-weight: 400;\">Saxis\u00a0m\u00e5de at formidle handler p\u00e5 er helt klart at foretr\u00e6kke, og mange andre sider kan helt sikkert l\u00e6re en masse af dette.\u201d<\/span><\/i><\/p>\n<p><span style=\"font-weight: 400;\">Ligeledes spurgte vi ham om processen omkring k\u00f8bet, da det jo i h\u00f8j grad er en tillidssag. hertil svarede Joakim:<\/span><\/p>\n<p><i><span style=\"font-weight: 400;\">\u201cSuper simpelt det hele, og meget nemt at g\u00e5 til. Mavefornemmelsen har v\u00e6ret altafg\u00f8rende for mig, og den har jeg haft hele vejen fra starten.<\/span><\/i><\/p>\n<p><i><span style=\"font-weight: 400;\">Ikke nok med, at s\u00e6lger har v\u00e6ret super god til at hj\u00e6lpe med de nye ting jeg har skulle s\u00e6tte mig ind i, men ogs\u00e5 fordi at min k\u00e6reste har v\u00e6ret fuld forst\u00e5elig og bakker mig 100% op, og ogs\u00e5 vil v\u00e6re med til at drive virksomheden\u201c<\/span><\/i><\/p>\n<p><span style=\"font-weight: 400;\">Vi \u00f8nsker Joakim al held og lykke med Decoristen.<\/span><\/p>\n<p>L\u00e6s ogs\u00e5:\u00a0<a href=\"https:\/\/www.saxis.dk\/blog\/jeg-har-fuldtidsjob-jeg-saa-muligheder-virksomhed\/\">\u201cJeg har fuldtidsjob, men jeg s\u00e5 nogle muligheder i denne virksomhed\u201d<\/a><\/p>\n","protected":false},"excerpt":{"rendered":"<p>&nbsp; Joakim er, efter eget udsagn, en rigtig vestjyde. Han er udl\u00e6rt t\u00f8mrer og har flair for kvalitet, indretning og design. Han ved hvad han vil og elsker udfordringer. Iv\u00e6rks\u00e6tteri og entrepren\u00f8rskab har altid v\u00e6ret noget Joakim har interesseret sig for. Nu kan han endelig sige han er en del af det, med k\u00f8bet af&#8230;<\/p>\n<p><a class=\"btn read-more-button understrap-read-more-link\" href=\"https:\/\/www.saxis.dk\/blog\/nyudklaekket-ivaerksaetter-jeg-har-altid-vidst-at-jeg-en-dag-skulle-have-min-egen-virksomhed\/\">L\u00e6s mere&#8230;<\/a><\/p>\n","protected":false},"author":18,"featured_media":2441,"comment_status":"open","ping_status":"open","sticky":false,"template":"","format":"standard","meta":{"footnotes":""},"categories":[21,36],"tags":[],"class_list":["post-2440","post","type-post","status-publish","format-standard","has-post-thumbnail","hentry","category-hvem-bruger-saxis","category-koebercases-artikler"],"yoast_head":"<!-- This site is optimized with the Yoast SEO plugin v27.4 - https:\/\/yoast.com\/product\/yoast-seo-wordpress\/ -->\n<title>\u201cJeg har altid vidst, at jeg en dag skulle have min egen virksomhed\u201d | Saxis virksomhedsb\u00f8rs blog<\/title>\n<meta name=\"description\" content=\"L\u00e6s om springet til livet som selvst\u00e6ndig: Erfaringer, \u00f8konomi, fejl, sejre og konkrete r\u00e5d til din egen iv\u00e6rks\u00e6tterrejse.\" \/>\n<meta name=\"robots\" content=\"index, follow, max-snippet:-1, max-image-preview:large, max-video-preview:-1\" \/>\n<link rel=\"canonical\" href=\"https:\/\/www.saxis.dk\/blog\/nyudklaekket-ivaerksaetter-jeg-har-altid-vidst-at-jeg-en-dag-skulle-have-min-egen-virksomhed\/\" \/>\n<meta property=\"og:locale\" content=\"da_DK\" \/>\n<meta property=\"og:type\" content=\"article\" \/>\n<meta property=\"og:title\" content=\"\u201cJeg har altid vidst, at jeg en dag skulle have min egen virksomhed\u201d | Saxis virksomhedsb\u00f8rs blog\" \/>\n<meta property=\"og:description\" content=\"L\u00e6s om springet til livet som selvst\u00e6ndig: Erfaringer, \u00f8konomi, fejl, sejre og konkrete r\u00e5d til din egen iv\u00e6rks\u00e6tterrejse.\" \/>\n<meta property=\"og:url\" content=\"https:\/\/www.saxis.dk\/blog\/nyudklaekket-ivaerksaetter-jeg-har-altid-vidst-at-jeg-en-dag-skulle-have-min-egen-virksomhed\/\" \/>\n<meta property=\"og:site_name\" content=\"Saxis virksomhedsb\u00f8rs blog\" \/>\n<meta property=\"article:publisher\" content=\"https:\/\/www.facebook.com\/virksomhedsbors\/\" \/>\n<meta property=\"article:published_time\" content=\"2016-02-22T06:31:52+00:00\" \/>\n<meta property=\"article:modified_time\" content=\"2025-11-25T12:08:20+00:00\" \/>\n<meta property=\"og:image\" content=\"https:\/\/www.saxis.dk\/blog\/wp-content\/uploads\/2016\/02\/Joakim.jpg\" \/>\n\t<meta property=\"og:image:width\" content=\"1296\" \/>\n\t<meta property=\"og:image:height\" content=\"972\" \/>\n\t<meta property=\"og:image:type\" content=\"image\/jpeg\" \/>\n<meta name=\"author\" content=\"Mette Jeannot\" \/>\n<meta name=\"twitter:card\" content=\"summary_large_image\" \/>\n<meta name=\"twitter:creator\" content=\"@virksomhedsbors\" \/>\n<meta name=\"twitter:site\" content=\"@virksomhedsbors\" \/>\n<meta name=\"twitter:label1\" content=\"Skrevet af\" \/>\n\t<meta name=\"twitter:data1\" content=\"Mette Jeannot\" \/>\n\t<meta name=\"twitter:label2\" content=\"Estimeret l\u00e6setid\" \/>\n\t<meta name=\"twitter:data2\" content=\"3 minutter\" \/>\n<script type=\"application\/ld+json\" class=\"yoast-schema-graph\">{\"@context\":\"https:\\\/\\\/schema.org\",\"@graph\":[{\"@type\":\"Article\",\"@id\":\"https:\\\/\\\/www.saxis.dk\\\/blog\\\/nyudklaekket-ivaerksaetter-jeg-har-altid-vidst-at-jeg-en-dag-skulle-have-min-egen-virksomhed\\\/#article\",\"isPartOf\":{\"@id\":\"https:\\\/\\\/www.saxis.dk\\\/blog\\\/nyudklaekket-ivaerksaetter-jeg-har-altid-vidst-at-jeg-en-dag-skulle-have-min-egen-virksomhed\\\/\"},\"author\":{\"name\":\"Mette Jeannot\",\"@id\":\"https:\\\/\\\/www.saxis.dk\\\/blog\\\/#\\\/schema\\\/person\\\/7c2e254eb0bb2ca677f4483cec1e2194\"},\"headline\":\"Nyudkl\u00e6kket iv\u00e6rks\u00e6tter: \u201cJeg har altid vidst, at jeg en dag skulle have min egen virksomhed\u201d\",\"datePublished\":\"2016-02-22T06:31:52+00:00\",\"dateModified\":\"2025-11-25T12:08:20+00:00\",\"mainEntityOfPage\":{\"@id\":\"https:\\\/\\\/www.saxis.dk\\\/blog\\\/nyudklaekket-ivaerksaetter-jeg-har-altid-vidst-at-jeg-en-dag-skulle-have-min-egen-virksomhed\\\/\"},\"wordCount\":515,\"commentCount\":0,\"publisher\":{\"@id\":\"https:\\\/\\\/www.saxis.dk\\\/blog\\\/#organization\"},\"image\":{\"@id\":\"https:\\\/\\\/www.saxis.dk\\\/blog\\\/nyudklaekket-ivaerksaetter-jeg-har-altid-vidst-at-jeg-en-dag-skulle-have-min-egen-virksomhed\\\/#primaryimage\"},\"thumbnailUrl\":\"https:\\\/\\\/www.saxis.dk\\\/blog\\\/wp-content\\\/uploads\\\/2016\\\/02\\\/Joakim.jpg\",\"articleSection\":[\"Hvem bruger Saxis?\",\"K\u00f8bercases\"],\"inLanguage\":\"da-DK\",\"potentialAction\":[{\"@type\":\"CommentAction\",\"name\":\"Comment\",\"target\":[\"https:\\\/\\\/www.saxis.dk\\\/blog\\\/nyudklaekket-ivaerksaetter-jeg-har-altid-vidst-at-jeg-en-dag-skulle-have-min-egen-virksomhed\\\/#respond\"]}]},{\"@type\":\"WebPage\",\"@id\":\"https:\\\/\\\/www.saxis.dk\\\/blog\\\/nyudklaekket-ivaerksaetter-jeg-har-altid-vidst-at-jeg-en-dag-skulle-have-min-egen-virksomhed\\\/\",\"url\":\"https:\\\/\\\/www.saxis.dk\\\/blog\\\/nyudklaekket-ivaerksaetter-jeg-har-altid-vidst-at-jeg-en-dag-skulle-have-min-egen-virksomhed\\\/\",\"name\":\"\u201cJeg har altid vidst, at jeg en dag skulle have min egen virksomhed\u201d | Saxis virksomhedsb\u00f8rs blog\",\"isPartOf\":{\"@id\":\"https:\\\/\\\/www.saxis.dk\\\/blog\\\/#website\"},\"primaryImageOfPage\":{\"@id\":\"https:\\\/\\\/www.saxis.dk\\\/blog\\\/nyudklaekket-ivaerksaetter-jeg-har-altid-vidst-at-jeg-en-dag-skulle-have-min-egen-virksomhed\\\/#primaryimage\"},\"image\":{\"@id\":\"https:\\\/\\\/www.saxis.dk\\\/blog\\\/nyudklaekket-ivaerksaetter-jeg-har-altid-vidst-at-jeg-en-dag-skulle-have-min-egen-virksomhed\\\/#primaryimage\"},\"thumbnailUrl\":\"https:\\\/\\\/www.saxis.dk\\\/blog\\\/wp-content\\\/uploads\\\/2016\\\/02\\\/Joakim.jpg\",\"datePublished\":\"2016-02-22T06:31:52+00:00\",\"dateModified\":\"2025-11-25T12:08:20+00:00\",\"description\":\"L\u00e6s om springet til livet som selvst\u00e6ndig: Erfaringer, \u00f8konomi, fejl, sejre og konkrete r\u00e5d til din egen iv\u00e6rks\u00e6tterrejse.\",\"breadcrumb\":{\"@id\":\"https:\\\/\\\/www.saxis.dk\\\/blog\\\/nyudklaekket-ivaerksaetter-jeg-har-altid-vidst-at-jeg-en-dag-skulle-have-min-egen-virksomhed\\\/#breadcrumb\"},\"inLanguage\":\"da-DK\",\"potentialAction\":[{\"@type\":\"ReadAction\",\"target\":[\"https:\\\/\\\/www.saxis.dk\\\/blog\\\/nyudklaekket-ivaerksaetter-jeg-har-altid-vidst-at-jeg-en-dag-skulle-have-min-egen-virksomhed\\\/\"]}]},{\"@type\":\"ImageObject\",\"inLanguage\":\"da-DK\",\"@id\":\"https:\\\/\\\/www.saxis.dk\\\/blog\\\/nyudklaekket-ivaerksaetter-jeg-har-altid-vidst-at-jeg-en-dag-skulle-have-min-egen-virksomhed\\\/#primaryimage\",\"url\":\"https:\\\/\\\/www.saxis.dk\\\/blog\\\/wp-content\\\/uploads\\\/2016\\\/02\\\/Joakim.jpg\",\"contentUrl\":\"https:\\\/\\\/www.saxis.dk\\\/blog\\\/wp-content\\\/uploads\\\/2016\\\/02\\\/Joakim.jpg\",\"width\":1296,\"height\":972},{\"@type\":\"BreadcrumbList\",\"@id\":\"https:\\\/\\\/www.saxis.dk\\\/blog\\\/nyudklaekket-ivaerksaetter-jeg-har-altid-vidst-at-jeg-en-dag-skulle-have-min-egen-virksomhed\\\/#breadcrumb\",\"itemListElement\":[{\"@type\":\"ListItem\",\"position\":1,\"name\":\"Blog\",\"item\":\"https:\\\/\\\/www.saxis.dk\\\/blog\\\/\"},{\"@type\":\"ListItem\",\"position\":2,\"name\":\"Artikler\",\"item\":\"https:\\\/\\\/www.saxis.dk\\\/blog\\\/category\\\/artikler\\\/\"},{\"@type\":\"ListItem\",\"position\":3,\"name\":\"K\u00f8bercases\",\"item\":\"https:\\\/\\\/www.saxis.dk\\\/blog\\\/category\\\/artikler\\\/koebercases-artikler\\\/\"},{\"@type\":\"ListItem\",\"position\":4,\"name\":\"Nyudkl\u00e6kket iv\u00e6rks\u00e6tter: \u201cJeg har altid vidst, at jeg en dag skulle have min egen virksomhed\u201d\"}]},{\"@type\":\"WebSite\",\"@id\":\"https:\\\/\\\/www.saxis.dk\\\/blog\\\/#website\",\"url\":\"https:\\\/\\\/www.saxis.dk\\\/blog\\\/\",\"name\":\"Saxis virksomhedsb\u00f8rs blog\",\"description\":\"Blog om k\u00f8b og salg af virksomheder, g\u00e6steblogs fra Danmarks dygtigste virksomhedsledere og meget mere.\",\"publisher\":{\"@id\":\"https:\\\/\\\/www.saxis.dk\\\/blog\\\/#organization\"},\"potentialAction\":[{\"@type\":\"SearchAction\",\"target\":{\"@type\":\"EntryPoint\",\"urlTemplate\":\"https:\\\/\\\/www.saxis.dk\\\/blog\\\/?s={search_term_string}\"},\"query-input\":{\"@type\":\"PropertyValueSpecification\",\"valueRequired\":true,\"valueName\":\"search_term_string\"}}],\"inLanguage\":\"da-DK\"},{\"@type\":\"Organization\",\"@id\":\"https:\\\/\\\/www.saxis.dk\\\/blog\\\/#organization\",\"name\":\"Saxis Virksomhedsb\u00f8rs\",\"url\":\"https:\\\/\\\/www.saxis.dk\\\/blog\\\/\",\"logo\":{\"@type\":\"ImageObject\",\"inLanguage\":\"da-DK\",\"@id\":\"https:\\\/\\\/www.saxis.dk\\\/blog\\\/#\\\/schema\\\/logo\\\/image\\\/\",\"url\":\"https:\\\/\\\/www.saxis.dk\\\/blog\\\/wp-content\\\/uploads\\\/2018\\\/05\\\/logo-blog-saxis.png\",\"contentUrl\":\"https:\\\/\\\/www.saxis.dk\\\/blog\\\/wp-content\\\/uploads\\\/2018\\\/05\\\/logo-blog-saxis.png\",\"width\":916,\"height\":272,\"caption\":\"Saxis Virksomhedsb\u00f8rs\"},\"image\":{\"@id\":\"https:\\\/\\\/www.saxis.dk\\\/blog\\\/#\\\/schema\\\/logo\\\/image\\\/\"},\"sameAs\":[\"https:\\\/\\\/www.facebook.com\\\/virksomhedsbors\\\/\",\"https:\\\/\\\/x.com\\\/virksomhedsbors\"]},{\"@type\":\"Person\",\"@id\":\"https:\\\/\\\/www.saxis.dk\\\/blog\\\/#\\\/schema\\\/person\\\/7c2e254eb0bb2ca677f4483cec1e2194\",\"name\":\"Mette Jeannot\",\"image\":{\"@type\":\"ImageObject\",\"inLanguage\":\"da-DK\",\"@id\":\"https:\\\/\\\/secure.gravatar.com\\\/avatar\\\/b0c675d5b1f4d0c2760a168970ddd4216d210a5df3a530ac853796f24abee1b8?s=96&d=mm&r=g\",\"url\":\"https:\\\/\\\/secure.gravatar.com\\\/avatar\\\/b0c675d5b1f4d0c2760a168970ddd4216d210a5df3a530ac853796f24abee1b8?s=96&d=mm&r=g\",\"contentUrl\":\"https:\\\/\\\/secure.gravatar.com\\\/avatar\\\/b0c675d5b1f4d0c2760a168970ddd4216d210a5df3a530ac853796f24abee1b8?s=96&d=mm&r=g\",\"caption\":\"Mette Jeannot\"},\"url\":\"https:\\\/\\\/www.saxis.dk\\\/blog\\\/author\\\/mette\\\/\"}]}<\/script>\n<!-- \/ Yoast SEO plugin. -->","yoast_head_json":{"title":"\u201cJeg har altid vidst, at jeg en dag skulle have min egen virksomhed\u201d | Saxis virksomhedsb\u00f8rs blog","description":"L\u00e6s om springet til livet som selvst\u00e6ndig: Erfaringer, \u00f8konomi, fejl, sejre og konkrete r\u00e5d til din egen iv\u00e6rks\u00e6tterrejse.","robots":{"index":"index","follow":"follow","max-snippet":"max-snippet:-1","max-image-preview":"max-image-preview:large","max-video-preview":"max-video-preview:-1"},"canonical":"https:\/\/www.saxis.dk\/blog\/nyudklaekket-ivaerksaetter-jeg-har-altid-vidst-at-jeg-en-dag-skulle-have-min-egen-virksomhed\/","og_locale":"da_DK","og_type":"article","og_title":"\u201cJeg har altid vidst, at jeg en dag skulle have min egen virksomhed\u201d | Saxis virksomhedsb\u00f8rs blog","og_description":"L\u00e6s om springet til livet som selvst\u00e6ndig: Erfaringer, \u00f8konomi, fejl, sejre og konkrete r\u00e5d til din egen iv\u00e6rks\u00e6tterrejse.","og_url":"https:\/\/www.saxis.dk\/blog\/nyudklaekket-ivaerksaetter-jeg-har-altid-vidst-at-jeg-en-dag-skulle-have-min-egen-virksomhed\/","og_site_name":"Saxis virksomhedsb\u00f8rs blog","article_publisher":"https:\/\/www.facebook.com\/virksomhedsbors\/","article_published_time":"2016-02-22T06:31:52+00:00","article_modified_time":"2025-11-25T12:08:20+00:00","og_image":[{"width":1296,"height":972,"url":"https:\/\/www.saxis.dk\/blog\/wp-content\/uploads\/2016\/02\/Joakim.jpg","type":"image\/jpeg"}],"author":"Mette Jeannot","twitter_card":"summary_large_image","twitter_creator":"@virksomhedsbors","twitter_site":"@virksomhedsbors","twitter_misc":{"Skrevet af":"Mette Jeannot","Estimeret l\u00e6setid":"3 minutter"},"schema":{"@context":"https:\/\/schema.org","@graph":[{"@type":"Article","@id":"https:\/\/www.saxis.dk\/blog\/nyudklaekket-ivaerksaetter-jeg-har-altid-vidst-at-jeg-en-dag-skulle-have-min-egen-virksomhed\/#article","isPartOf":{"@id":"https:\/\/www.saxis.dk\/blog\/nyudklaekket-ivaerksaetter-jeg-har-altid-vidst-at-jeg-en-dag-skulle-have-min-egen-virksomhed\/"},"author":{"name":"Mette Jeannot","@id":"https:\/\/www.saxis.dk\/blog\/#\/schema\/person\/7c2e254eb0bb2ca677f4483cec1e2194"},"headline":"Nyudkl\u00e6kket iv\u00e6rks\u00e6tter: \u201cJeg har altid vidst, at jeg en dag skulle have min egen virksomhed\u201d","datePublished":"2016-02-22T06:31:52+00:00","dateModified":"2025-11-25T12:08:20+00:00","mainEntityOfPage":{"@id":"https:\/\/www.saxis.dk\/blog\/nyudklaekket-ivaerksaetter-jeg-har-altid-vidst-at-jeg-en-dag-skulle-have-min-egen-virksomhed\/"},"wordCount":515,"commentCount":0,"publisher":{"@id":"https:\/\/www.saxis.dk\/blog\/#organization"},"image":{"@id":"https:\/\/www.saxis.dk\/blog\/nyudklaekket-ivaerksaetter-jeg-har-altid-vidst-at-jeg-en-dag-skulle-have-min-egen-virksomhed\/#primaryimage"},"thumbnailUrl":"https:\/\/www.saxis.dk\/blog\/wp-content\/uploads\/2016\/02\/Joakim.jpg","articleSection":["Hvem bruger Saxis?","K\u00f8bercases"],"inLanguage":"da-DK","potentialAction":[{"@type":"CommentAction","name":"Comment","target":["https:\/\/www.saxis.dk\/blog\/nyudklaekket-ivaerksaetter-jeg-har-altid-vidst-at-jeg-en-dag-skulle-have-min-egen-virksomhed\/#respond"]}]},{"@type":"WebPage","@id":"https:\/\/www.saxis.dk\/blog\/nyudklaekket-ivaerksaetter-jeg-har-altid-vidst-at-jeg-en-dag-skulle-have-min-egen-virksomhed\/","url":"https:\/\/www.saxis.dk\/blog\/nyudklaekket-ivaerksaetter-jeg-har-altid-vidst-at-jeg-en-dag-skulle-have-min-egen-virksomhed\/","name":"\u201cJeg har altid vidst, at jeg en dag skulle have min egen virksomhed\u201d | Saxis virksomhedsb\u00f8rs blog","isPartOf":{"@id":"https:\/\/www.saxis.dk\/blog\/#website"},"primaryImageOfPage":{"@id":"https:\/\/www.saxis.dk\/blog\/nyudklaekket-ivaerksaetter-jeg-har-altid-vidst-at-jeg-en-dag-skulle-have-min-egen-virksomhed\/#primaryimage"},"image":{"@id":"https:\/\/www.saxis.dk\/blog\/nyudklaekket-ivaerksaetter-jeg-har-altid-vidst-at-jeg-en-dag-skulle-have-min-egen-virksomhed\/#primaryimage"},"thumbnailUrl":"https:\/\/www.saxis.dk\/blog\/wp-content\/uploads\/2016\/02\/Joakim.jpg","datePublished":"2016-02-22T06:31:52+00:00","dateModified":"2025-11-25T12:08:20+00:00","description":"L\u00e6s om springet til livet som selvst\u00e6ndig: Erfaringer, \u00f8konomi, fejl, sejre og konkrete r\u00e5d til din egen iv\u00e6rks\u00e6tterrejse.","breadcrumb":{"@id":"https:\/\/www.saxis.dk\/blog\/nyudklaekket-ivaerksaetter-jeg-har-altid-vidst-at-jeg-en-dag-skulle-have-min-egen-virksomhed\/#breadcrumb"},"inLanguage":"da-DK","potentialAction":[{"@type":"ReadAction","target":["https:\/\/www.saxis.dk\/blog\/nyudklaekket-ivaerksaetter-jeg-har-altid-vidst-at-jeg-en-dag-skulle-have-min-egen-virksomhed\/"]}]},{"@type":"ImageObject","inLanguage":"da-DK","@id":"https:\/\/www.saxis.dk\/blog\/nyudklaekket-ivaerksaetter-jeg-har-altid-vidst-at-jeg-en-dag-skulle-have-min-egen-virksomhed\/#primaryimage","url":"https:\/\/www.saxis.dk\/blog\/wp-content\/uploads\/2016\/02\/Joakim.jpg","contentUrl":"https:\/\/www.saxis.dk\/blog\/wp-content\/uploads\/2016\/02\/Joakim.jpg","width":1296,"height":972},{"@type":"BreadcrumbList","@id":"https:\/\/www.saxis.dk\/blog\/nyudklaekket-ivaerksaetter-jeg-har-altid-vidst-at-jeg-en-dag-skulle-have-min-egen-virksomhed\/#breadcrumb","itemListElement":[{"@type":"ListItem","position":1,"name":"Blog","item":"https:\/\/www.saxis.dk\/blog\/"},{"@type":"ListItem","position":2,"name":"Artikler","item":"https:\/\/www.saxis.dk\/blog\/category\/artikler\/"},{"@type":"ListItem","position":3,"name":"K\u00f8bercases","item":"https:\/\/www.saxis.dk\/blog\/category\/artikler\/koebercases-artikler\/"},{"@type":"ListItem","position":4,"name":"Nyudkl\u00e6kket iv\u00e6rks\u00e6tter: \u201cJeg har altid vidst, at jeg en dag skulle have min egen virksomhed\u201d"}]},{"@type":"WebSite","@id":"https:\/\/www.saxis.dk\/blog\/#website","url":"https:\/\/www.saxis.dk\/blog\/","name":"Saxis virksomhedsb\u00f8rs blog","description":"Blog om k\u00f8b og salg af virksomheder, g\u00e6steblogs fra Danmarks dygtigste virksomhedsledere og meget mere.","publisher":{"@id":"https:\/\/www.saxis.dk\/blog\/#organization"},"potentialAction":[{"@type":"SearchAction","target":{"@type":"EntryPoint","urlTemplate":"https:\/\/www.saxis.dk\/blog\/?s={search_term_string}"},"query-input":{"@type":"PropertyValueSpecification","valueRequired":true,"valueName":"search_term_string"}}],"inLanguage":"da-DK"},{"@type":"Organization","@id":"https:\/\/www.saxis.dk\/blog\/#organization","name":"Saxis Virksomhedsb\u00f8rs","url":"https:\/\/www.saxis.dk\/blog\/","logo":{"@type":"ImageObject","inLanguage":"da-DK","@id":"https:\/\/www.saxis.dk\/blog\/#\/schema\/logo\/image\/","url":"https:\/\/www.saxis.dk\/blog\/wp-content\/uploads\/2018\/05\/logo-blog-saxis.png","contentUrl":"https:\/\/www.saxis.dk\/blog\/wp-content\/uploads\/2018\/05\/logo-blog-saxis.png","width":916,"height":272,"caption":"Saxis Virksomhedsb\u00f8rs"},"image":{"@id":"https:\/\/www.saxis.dk\/blog\/#\/schema\/logo\/image\/"},"sameAs":["https:\/\/www.facebook.com\/virksomhedsbors\/","https:\/\/x.com\/virksomhedsbors"]},{"@type":"Person","@id":"https:\/\/www.saxis.dk\/blog\/#\/schema\/person\/7c2e254eb0bb2ca677f4483cec1e2194","name":"Mette Jeannot","image":{"@type":"ImageObject","inLanguage":"da-DK","@id":"https:\/\/secure.gravatar.com\/avatar\/b0c675d5b1f4d0c2760a168970ddd4216d210a5df3a530ac853796f24abee1b8?s=96&d=mm&r=g","url":"https:\/\/secure.gravatar.com\/avatar\/b0c675d5b1f4d0c2760a168970ddd4216d210a5df3a530ac853796f24abee1b8?s=96&d=mm&r=g","contentUrl":"https:\/\/secure.gravatar.com\/avatar\/b0c675d5b1f4d0c2760a168970ddd4216d210a5df3a530ac853796f24abee1b8?s=96&d=mm&r=g","caption":"Mette Jeannot"},"url":"https:\/\/www.saxis.dk\/blog\/author\/mette\/"}]}},"_links":{"self":[{"href":"https:\/\/www.saxis.dk\/blog\/wp-json\/wp\/v2\/posts\/2440","targetHints":{"allow":["GET"]}}],"collection":[{"href":"https:\/\/www.saxis.dk\/blog\/wp-json\/wp\/v2\/posts"}],"about":[{"href":"https:\/\/www.saxis.dk\/blog\/wp-json\/wp\/v2\/types\/post"}],"author":[{"embeddable":true,"href":"https:\/\/www.saxis.dk\/blog\/wp-json\/wp\/v2\/users\/18"}],"replies":[{"embeddable":true,"href":"https:\/\/www.saxis.dk\/blog\/wp-json\/wp\/v2\/comments?post=2440"}],"version-history":[{"count":7,"href":"https:\/\/www.saxis.dk\/blog\/wp-json\/wp\/v2\/posts\/2440\/revisions"}],"predecessor-version":[{"id":8680,"href":"https:\/\/www.saxis.dk\/blog\/wp-json\/wp\/v2\/posts\/2440\/revisions\/8680"}],"wp:featuredmedia":[{"embeddable":true,"href":"https:\/\/www.saxis.dk\/blog\/wp-json\/wp\/v2\/media\/2441"}],"wp:attachment":[{"href":"https:\/\/www.saxis.dk\/blog\/wp-json\/wp\/v2\/media?parent=2440"}],"wp:term":[{"taxonomy":"category","embeddable":true,"href":"https:\/\/www.saxis.dk\/blog\/wp-json\/wp\/v2\/categories?post=2440"},{"taxonomy":"post_tag","embeddable":true,"href":"https:\/\/www.saxis.dk\/blog\/wp-json\/wp\/v2\/tags?post=2440"}],"curies":[{"name":"wp","href":"https:\/\/api.w.org\/{rel}","templated":true}]}}