{"id":2000,"date":"2015-07-20T11:42:56","date_gmt":"2015-07-20T09:42:56","guid":{"rendered":"http:\/\/vborscms.amino.dk\/?page_id=2000"},"modified":"2025-11-25T10:03:31","modified_gmt":"2025-11-25T09:03:31","slug":"ivaerksaettermor-sadan-far-jeg-hverdagen-til-at-haenge-sammen","status":"publish","type":"post","link":"https:\/\/www.saxis.dk\/blog\/ivaerksaettermor-sadan-far-jeg-hverdagen-til-at-haenge-sammen\/","title":{"rendered":"Iv\u00e6rks\u00e6tter-Mor: S\u00e5dan f\u00e5r jeg hverdagen til at h\u00e6nge sammen"},"content":{"rendered":"<p><img loading=\"lazy\" decoding=\"async\" class=\"aligncenter wp-image-2003 size-full\" src=\"http:\/\/www.saxis.dk\/blog\/wp-content\/uploads\/2015\/07\/Ivaerksaettermor_2-e1437392496208.png\" alt=\"\" width=\"519\" height=\"436\" \/><\/p>\n<p><em>I h\u00e5bet om at kunne f\u00e5 endnu flere danskere til at springe ud i dr\u00f8mmen om at starte deres eget, har vi f\u00e5et en kvindelig dansk iv\u00e6rks\u00e6tter til at dele ud af sine r\u00e5d til hvordan man kan klare hverdagen som <a href=\"https:\/\/www.amino.dk\/wikis\/erhverv\/hvad-er-en-ivaerksaetter.aspx\" target=\"_blank\" rel=\"noopener\">iv\u00e6rks\u00e6tter<\/a> og mor.<\/em><\/p>\n<p>L\u00e6s ogs\u00e5:\u00a0<a href=\"https:\/\/www.saxis.dk\/blog\/benelizer-goere-nemmere-dig-traeffe-rigtige-beslutninger-din-virksomhed\/\">Benelizer vil g\u00f8re det nemmere for dig at tr\u00e6ffe de rigtige beslutninger i din virksomhed<\/a><\/p>\n<h3>Hvem?<\/h3>\n<p>Mit navn er Jelena Durovic. Nogle kender mig som <a href=\"http:\/\/ivaerksaettermor.dk\" target=\"_blank\" rel=\"noopener\">Iv\u00e6rks\u00e6ttermor<\/a>,\u00a0hende\u00a0med bloggen, der omhandler mit liv som selvst\u00e6ndig iv\u00e6rks\u00e6tter samt flerb\u00f8rnsmor &#8211; og meget mere end det.<\/p>\n<p>Det er selv samme tema, som jeg har t\u00e6nkt mig at underholde jer med. Det har jeg, fordi der m\u00e5ske er nogle af jer derude, der har en iv\u00e6rks\u00e6tter i maven, som br\u00e6nder for at f\u00e5 lov til at udfolde sig, men som forbliver indesp\u00e6rret, fordi I t\u00e6nker, at det umuligt kan lade sig g\u00f8re. Fordi I har sm\u00e5 b\u00f8rn, store b\u00f8rn, en hobby, er i gang med at studere eller har et job, som I bare ikke kan undv\u00e6re, t\u00e6nker I m\u00e5ske, at timingen ikke er helt rigtig. M\u00e5ske venter I, til I f\u00e5r mere tid, flere penge, you name it, og S\u00c5 s\u00f8s\u00e6tter I projektet, realiserer jeres gode id\u00e9, beriger samfundet med noget nyt osv. osv. osv\u2026<\/p>\n<p>For ALLE ved jo, at det kr\u00e6ver meget at v\u00e6re iv\u00e6rks\u00e6tter, og man kan umuligt f\u00e5 succes, med mindre man arbejder 80 timer om ugen.<\/p>\n<p>Ikke sandt?<\/p>\n<p>Wrong.<\/p>\n<p>Jeg startede min webshop\u00a0<a href=\"http:\/\/sejedrenge.dk\/\" target=\"_blank\" rel=\"noopener\">Sejedrenge.dk<\/a>\u00a0da jeg var p\u00e5 barsel med min yngste s\u00f8n. Min \u00e6ldste var p\u00e5 det tidspunkt ikke engang to \u00e5r, s\u00e5 jeg havde to sm\u00e5 drenge, da jeg kastede mig ud i en verden, som jeg d\u00e5rligt nok kendte. M\u00e5ske ikke det smarteste move, da det altid er en god id\u00e9 at have en god portion viden om ens (kommende) branche, men n\u00e5r jeg alligevel n\u00e6vner det, er det fordi det gik, p\u00e5 trods af, at mange mente, at projektet var d\u00f8dsd\u00f8mt fra start.<\/p>\n<p>Det gik, fordi jeg p\u00e5 det tidspunkt var et sted, hvor jeg ikke kunne forestille mig andet, der ville g\u00f8re mig mere lykkelig rent professionsm\u00e6ssigt, end at starte mit eget.<\/p>\n<p>Mit f\u00f8rste r\u00e5d til jer, der t\u00f8ver, er noget s\u00e5 banalt som:<\/p>\n<h3>F\u00f8lg hjertet<\/h3>\n<p>Don&#8217;t get me wrong. Selvf\u00f8lgelig var det ikke nemt at starte op, samtidigt med at der var to sm\u00e5 under 2 \u00e5r, der kr\u00e6vede moars opm\u00e6rksomhed, ej heller da jeg et halvt \u00e5r senere \u00e5bnede min <a href=\"https:\/\/www.saxis.dk\/type\/butik\">butik p\u00e5 N\u00f8rrebro<\/a> og ikke l\u00e6ngere arbejdede hjemmefra. Det var heller ikke nemt, da jeg kastede mig over produktion og skabte <a href=\"http:\/\/www.magicrobes.com\" target=\"_blank\" rel=\"noopener\">Magic Robes<\/a>.<\/p>\n<p>Der var da dage, hvor jeg var tr\u00e6t og t\u00e6nkte, at det her iv\u00e6rks\u00e6tteri m\u00e5ske fyldte for meget i forhold til familie og andet, og at jeg m\u00e5ske skulle skrue lidt ned.<\/p>\n<p>Ved I hvad jeg s\u00e5 gjorde?<\/p>\n<p>L\u00e6s ogs\u00e5:\u00a0<a href=\"https:\/\/www.saxis.dk\/blog\/bliv-ivaerksaetter-og-bliv-gladere\/\">Bliv iv\u00e6rks\u00e6tter og bliv gladere<\/a><\/p>\n<h3>Jeg skruede ned<\/h3>\n<p>For &#8216;f\u00f8lg dit hjerte&#8217; (eller &#8216;er der vilje, er der vej&#8217;, om I vil) handler ikke kun om viljen til at f\u00e5 ens iv\u00e6rks\u00e6tterprojekt\/ forretning til at blive en succes. Det handler mindst liges\u00e5 meget om at give plads til alt det andet i ens liv, som giver mening, som g\u00f8r \u00e9n glad, har en v\u00e6rdi. Og det er i de fleste tilf\u00e6lde knap s\u00e5 sv\u00e6rt, som man tror, da man som iv\u00e6rks\u00e6tter tit er sin egen herre og har nogle muligheder, som dem, der er fastl\u00e5st i et 8-16 job, ikke har.<\/p>\n<p>Dengang jeg kun havde webshoppen, havde jeg den frihed at l\u00e6gge flest arbejdstimer i de dage og perioder, hvor b\u00f8rnene sov godt, var raske, og der ikke var alt muligt ekstraordin\u00e6rt, der skulle ordnes. Jeg gav den gas, mens de var i vuggestue, og n\u00e5r de sov, og n\u00e5r jeg var udhvilet. S\u00e5 kunne jeg tillade mig at skrue lidt ned i de perioder, hvor de havde (ekstra) meget brug for mig. Da jeg blev presset efter \u00e5bning af butik, valgte jeg at ans\u00e6tte en vikar og at \u00e5bne kl. 11 i stedet for 9:30, for at f\u00e5 mere tid til familien, da jeg kunne m\u00e6rke, at jeg havde skabt en ubalance i mine prioriteringer, og at arbejde fyldte for meget.<\/p>\n<p>Indr\u00f8mmet; Det kostede rent \u00f8konomisk. Men det gav s\u00e5 meget p\u00e5 andre planer, og det gav mig\u00a0overskud til og energi til at dyrke mit erhverv 100%, n\u00e5r jeg var i det.<\/p>\n<p>Derfor er mit andet r\u00e5d til jer, der gerne vil v\u00e6re iv\u00e6rks\u00e6ttere &#8216;p\u00e5 deltid&#8217;, at I udnytter den fleksibilitet, livet som iv\u00e6rks\u00e6tter giver jer, og at I prioriterer det, som betyder noget for jer.<\/p>\n<p>At I tr\u00e6der et skridt tilbage, m\u00e6rker efter, og g\u00f8r det, der skal til, for at skabe plads til det, som er vigtigt, ogs\u00e5 hvis det betyder, at I nedprioriterer iv\u00e6rks\u00e6tteriet i en periode.<\/p>\n<p>At I husker jer selv p\u00e5, at I ikke bliver d\u00e5rligere iv\u00e6rks\u00e6ttere af, at I ogs\u00e5 har andre interesser i livet &#8211; tv\u00e6rtimod.<\/p>\n<p>Dette f\u00f8rer mig videre til mit tredje og sidste r\u00e5d, som er:<\/p>\n<h3>Prioritering \u00fcber\u00a0alles<\/h3>\n<p>For det er fint nok, at I f\u00f8lger hjertet, kaster jer ud i det, og at I husker at der er andet i livet end jeres fantastiske projekt\/produkt og handler derefter. Men hvis I ikke prioriterer rigtigt, risikerer I, at korthuset v\u00e6lter.<\/p>\n<p>Det handler hele tiden om at vide, hvad der SKAL g\u00f8res lige nu, og hvad der kan vente til i morgen. For vi har det med at fortabe os i rutiner, og nogle gange er det virkelig fornuftigt at overveje, om det nu ogs\u00e5 er s\u00e5 vigtigt, at den butik bliver st\u00f8vsuget igen i dag, n\u00e5r man d\u00e5rligt nok har set b\u00f8rnene de sidste par dage eller fem, eller om b\u00f8rnene nu ogs\u00e5 tager skade af, at de ikke kommet i F\u00e6tter BR igen igen, og man tager et par lange dage p\u00e5 jobbis i stedet for, n\u00e5r det virkelig g\u00e6lder.<\/p>\n<p>Eller om forretningen kan overleve en eksamen, en deadline p\u00e5 ens l\u00f8nnede job eller et st\u00e6vne til det, som man nu engang g\u00e5r til.<\/p>\n<p>Det sk\u00f8nne ved at v\u00e6re iv\u00e6rks\u00e6tter er, at man har s\u00e5 meget at skulle have sagt selv. At man selv bestemmer, som mine b\u00f8rn ville sige, mens de dr\u00f8mmer sig frem til den magiske dag, hvor de bliver 18 \u00e5r, og bliver voksne, s\u00e5dan da. Det g\u00e6lder &#8216;bare&#8217; om at tr\u00e6ffe de rigtige valg, og det h\u00e5ber jeg, at jeg har hjulpet jer lidt med.<\/p>\n<p>Ellers er der masser at andre gode r\u00e5d at hente her p\u00e5 Amino.<\/p>\n<p>L\u00e6s ogs\u00e5:\u00a0<a href=\"https:\/\/www.saxis.dk\/blog\/medstifter-af-volt-min-mor-sporger-stadig-hvornar-jeg-skal-have-et-rigtigt-job\/\">Medstifter af Volt: \u201cMin mor sp\u00f8rger stadig hvorn\u00e5r jeg skal have et rigtigt job\u201d<\/a><\/p>\n","protected":false},"excerpt":{"rendered":"<p>I h\u00e5bet om at kunne f\u00e5 endnu flere danskere til at springe ud i dr\u00f8mmen om at starte deres eget, har vi f\u00e5et en kvindelig dansk iv\u00e6rks\u00e6tter til at dele ud af sine r\u00e5d til hvordan man kan klare hverdagen som iv\u00e6rks\u00e6tter og mor. L\u00e6s ogs\u00e5:\u00a0Benelizer vil g\u00f8re det nemmere for dig at tr\u00e6ffe de&#8230;<\/p>\n<p><a class=\"btn read-more-button understrap-read-more-link\" href=\"https:\/\/www.saxis.dk\/blog\/ivaerksaettermor-sadan-far-jeg-hverdagen-til-at-haenge-sammen\/\">L\u00e6s mere&#8230;<\/a><\/p>\n","protected":false},"author":18,"featured_media":2003,"comment_status":"open","ping_status":"open","sticky":false,"template":"","format":"standard","meta":{"footnotes":""},"categories":[20],"tags":[],"class_list":["post-2000","post","type-post","status-publish","format-standard","has-post-thumbnail","hentry","category-interviews-og-gaesteblogs"],"yoast_head":"<!-- This site is optimized with the Yoast SEO plugin v27.4 - https:\/\/yoast.com\/product\/yoast-seo-wordpress\/ -->\n<title>Iv\u00e6rks\u00e6tter-Mor: S\u00e5dan f\u00e5r jeg hverdagen til at h\u00e6nge sammen | Saxis virksomhedsb\u00f8rs blog<\/title>\n<meta name=\"description\" content=\"Mor, iv\u00e6rks\u00e6tter og karrierekvinde: F\u00e5 hendes bedste tips til tidsstyring, struktur og mental balance i en travl hverdag.\" \/>\n<meta name=\"robots\" content=\"index, follow, max-snippet:-1, max-image-preview:large, max-video-preview:-1\" \/>\n<link rel=\"canonical\" href=\"https:\/\/www.saxis.dk\/blog\/ivaerksaettermor-sadan-far-jeg-hverdagen-til-at-haenge-sammen\/\" \/>\n<meta property=\"og:locale\" content=\"da_DK\" \/>\n<meta property=\"og:type\" content=\"article\" \/>\n<meta property=\"og:title\" content=\"Iv\u00e6rks\u00e6tter-Mor: S\u00e5dan f\u00e5r jeg hverdagen til at h\u00e6nge sammen | Saxis virksomhedsb\u00f8rs blog\" \/>\n<meta property=\"og:description\" content=\"Mor, iv\u00e6rks\u00e6tter og karrierekvinde: F\u00e5 hendes bedste tips til tidsstyring, struktur og mental balance i en travl hverdag.\" \/>\n<meta property=\"og:url\" content=\"https:\/\/www.saxis.dk\/blog\/ivaerksaettermor-sadan-far-jeg-hverdagen-til-at-haenge-sammen\/\" \/>\n<meta property=\"og:site_name\" content=\"Saxis virksomhedsb\u00f8rs blog\" \/>\n<meta property=\"article:publisher\" content=\"https:\/\/www.facebook.com\/virksomhedsbors\/\" \/>\n<meta property=\"article:published_time\" content=\"2015-07-20T09:42:56+00:00\" \/>\n<meta property=\"article:modified_time\" content=\"2025-11-25T09:03:31+00:00\" \/>\n<meta property=\"og:image\" content=\"https:\/\/www.saxis.dk\/blog\/wp-content\/uploads\/2015\/07\/Ivaerksaettermor_2-e1437392496208.png\" \/>\n\t<meta property=\"og:image:width\" content=\"519\" \/>\n\t<meta property=\"og:image:height\" content=\"436\" \/>\n\t<meta property=\"og:image:type\" content=\"image\/png\" \/>\n<meta name=\"author\" content=\"Mette Jeannot\" \/>\n<meta name=\"twitter:card\" content=\"summary_large_image\" \/>\n<meta name=\"twitter:creator\" content=\"@virksomhedsbors\" \/>\n<meta name=\"twitter:site\" content=\"@virksomhedsbors\" \/>\n<meta name=\"twitter:label1\" content=\"Skrevet af\" \/>\n\t<meta name=\"twitter:data1\" content=\"Mette Jeannot\" \/>\n\t<meta name=\"twitter:label2\" content=\"Estimeret l\u00e6setid\" \/>\n\t<meta name=\"twitter:data2\" content=\"7 minutter\" \/>\n<script type=\"application\/ld+json\" class=\"yoast-schema-graph\">{\"@context\":\"https:\\\/\\\/schema.org\",\"@graph\":[{\"@type\":\"Article\",\"@id\":\"https:\\\/\\\/www.saxis.dk\\\/blog\\\/ivaerksaettermor-sadan-far-jeg-hverdagen-til-at-haenge-sammen\\\/#article\",\"isPartOf\":{\"@id\":\"https:\\\/\\\/www.saxis.dk\\\/blog\\\/ivaerksaettermor-sadan-far-jeg-hverdagen-til-at-haenge-sammen\\\/\"},\"author\":{\"name\":\"Mette Jeannot\",\"@id\":\"https:\\\/\\\/www.saxis.dk\\\/blog\\\/#\\\/schema\\\/person\\\/7c2e254eb0bb2ca677f4483cec1e2194\"},\"headline\":\"Iv\u00e6rks\u00e6tter-Mor: S\u00e5dan f\u00e5r jeg hverdagen til at h\u00e6nge sammen\",\"datePublished\":\"2015-07-20T09:42:56+00:00\",\"dateModified\":\"2025-11-25T09:03:31+00:00\",\"mainEntityOfPage\":{\"@id\":\"https:\\\/\\\/www.saxis.dk\\\/blog\\\/ivaerksaettermor-sadan-far-jeg-hverdagen-til-at-haenge-sammen\\\/\"},\"wordCount\":1229,\"commentCount\":0,\"publisher\":{\"@id\":\"https:\\\/\\\/www.saxis.dk\\\/blog\\\/#organization\"},\"image\":{\"@id\":\"https:\\\/\\\/www.saxis.dk\\\/blog\\\/ivaerksaettermor-sadan-far-jeg-hverdagen-til-at-haenge-sammen\\\/#primaryimage\"},\"thumbnailUrl\":\"https:\\\/\\\/www.saxis.dk\\\/blog\\\/wp-content\\\/uploads\\\/2015\\\/07\\\/Ivaerksaettermor_2-e1437392496208.png\",\"articleSection\":[\"Interviews Og G\u00e6steblogs\"],\"inLanguage\":\"da-DK\",\"potentialAction\":[{\"@type\":\"CommentAction\",\"name\":\"Comment\",\"target\":[\"https:\\\/\\\/www.saxis.dk\\\/blog\\\/ivaerksaettermor-sadan-far-jeg-hverdagen-til-at-haenge-sammen\\\/#respond\"]}]},{\"@type\":\"WebPage\",\"@id\":\"https:\\\/\\\/www.saxis.dk\\\/blog\\\/ivaerksaettermor-sadan-far-jeg-hverdagen-til-at-haenge-sammen\\\/\",\"url\":\"https:\\\/\\\/www.saxis.dk\\\/blog\\\/ivaerksaettermor-sadan-far-jeg-hverdagen-til-at-haenge-sammen\\\/\",\"name\":\"Iv\u00e6rks\u00e6tter-Mor: S\u00e5dan f\u00e5r jeg hverdagen til at h\u00e6nge sammen | Saxis virksomhedsb\u00f8rs blog\",\"isPartOf\":{\"@id\":\"https:\\\/\\\/www.saxis.dk\\\/blog\\\/#website\"},\"primaryImageOfPage\":{\"@id\":\"https:\\\/\\\/www.saxis.dk\\\/blog\\\/ivaerksaettermor-sadan-far-jeg-hverdagen-til-at-haenge-sammen\\\/#primaryimage\"},\"image\":{\"@id\":\"https:\\\/\\\/www.saxis.dk\\\/blog\\\/ivaerksaettermor-sadan-far-jeg-hverdagen-til-at-haenge-sammen\\\/#primaryimage\"},\"thumbnailUrl\":\"https:\\\/\\\/www.saxis.dk\\\/blog\\\/wp-content\\\/uploads\\\/2015\\\/07\\\/Ivaerksaettermor_2-e1437392496208.png\",\"datePublished\":\"2015-07-20T09:42:56+00:00\",\"dateModified\":\"2025-11-25T09:03:31+00:00\",\"description\":\"Mor, iv\u00e6rks\u00e6tter og karrierekvinde: F\u00e5 hendes bedste tips til tidsstyring, struktur og mental balance i en travl hverdag.\",\"breadcrumb\":{\"@id\":\"https:\\\/\\\/www.saxis.dk\\\/blog\\\/ivaerksaettermor-sadan-far-jeg-hverdagen-til-at-haenge-sammen\\\/#breadcrumb\"},\"inLanguage\":\"da-DK\",\"potentialAction\":[{\"@type\":\"ReadAction\",\"target\":[\"https:\\\/\\\/www.saxis.dk\\\/blog\\\/ivaerksaettermor-sadan-far-jeg-hverdagen-til-at-haenge-sammen\\\/\"]}]},{\"@type\":\"ImageObject\",\"inLanguage\":\"da-DK\",\"@id\":\"https:\\\/\\\/www.saxis.dk\\\/blog\\\/ivaerksaettermor-sadan-far-jeg-hverdagen-til-at-haenge-sammen\\\/#primaryimage\",\"url\":\"https:\\\/\\\/www.saxis.dk\\\/blog\\\/wp-content\\\/uploads\\\/2015\\\/07\\\/Ivaerksaettermor_2-e1437392496208.png\",\"contentUrl\":\"https:\\\/\\\/www.saxis.dk\\\/blog\\\/wp-content\\\/uploads\\\/2015\\\/07\\\/Ivaerksaettermor_2-e1437392496208.png\",\"width\":519,\"height\":436},{\"@type\":\"BreadcrumbList\",\"@id\":\"https:\\\/\\\/www.saxis.dk\\\/blog\\\/ivaerksaettermor-sadan-far-jeg-hverdagen-til-at-haenge-sammen\\\/#breadcrumb\",\"itemListElement\":[{\"@type\":\"ListItem\",\"position\":1,\"name\":\"Blog\",\"item\":\"https:\\\/\\\/www.saxis.dk\\\/blog\\\/\"},{\"@type\":\"ListItem\",\"position\":2,\"name\":\"Artikler\",\"item\":\"https:\\\/\\\/www.saxis.dk\\\/blog\\\/category\\\/artikler\\\/\"},{\"@type\":\"ListItem\",\"position\":3,\"name\":\"Interviews Og G\u00e6steblogs\",\"item\":\"https:\\\/\\\/www.saxis.dk\\\/blog\\\/category\\\/artikler\\\/interviews-og-gaesteblogs\\\/\"},{\"@type\":\"ListItem\",\"position\":4,\"name\":\"Iv\u00e6rks\u00e6tter-Mor: S\u00e5dan f\u00e5r jeg hverdagen til at h\u00e6nge sammen\"}]},{\"@type\":\"WebSite\",\"@id\":\"https:\\\/\\\/www.saxis.dk\\\/blog\\\/#website\",\"url\":\"https:\\\/\\\/www.saxis.dk\\\/blog\\\/\",\"name\":\"Saxis virksomhedsb\u00f8rs blog\",\"description\":\"Blog om k\u00f8b og salg af virksomheder, g\u00e6steblogs fra Danmarks dygtigste virksomhedsledere og meget mere.\",\"publisher\":{\"@id\":\"https:\\\/\\\/www.saxis.dk\\\/blog\\\/#organization\"},\"potentialAction\":[{\"@type\":\"SearchAction\",\"target\":{\"@type\":\"EntryPoint\",\"urlTemplate\":\"https:\\\/\\\/www.saxis.dk\\\/blog\\\/?s={search_term_string}\"},\"query-input\":{\"@type\":\"PropertyValueSpecification\",\"valueRequired\":true,\"valueName\":\"search_term_string\"}}],\"inLanguage\":\"da-DK\"},{\"@type\":\"Organization\",\"@id\":\"https:\\\/\\\/www.saxis.dk\\\/blog\\\/#organization\",\"name\":\"Saxis Virksomhedsb\u00f8rs\",\"url\":\"https:\\\/\\\/www.saxis.dk\\\/blog\\\/\",\"logo\":{\"@type\":\"ImageObject\",\"inLanguage\":\"da-DK\",\"@id\":\"https:\\\/\\\/www.saxis.dk\\\/blog\\\/#\\\/schema\\\/logo\\\/image\\\/\",\"url\":\"https:\\\/\\\/www.saxis.dk\\\/blog\\\/wp-content\\\/uploads\\\/2018\\\/05\\\/logo-blog-saxis.png\",\"contentUrl\":\"https:\\\/\\\/www.saxis.dk\\\/blog\\\/wp-content\\\/uploads\\\/2018\\\/05\\\/logo-blog-saxis.png\",\"width\":916,\"height\":272,\"caption\":\"Saxis Virksomhedsb\u00f8rs\"},\"image\":{\"@id\":\"https:\\\/\\\/www.saxis.dk\\\/blog\\\/#\\\/schema\\\/logo\\\/image\\\/\"},\"sameAs\":[\"https:\\\/\\\/www.facebook.com\\\/virksomhedsbors\\\/\",\"https:\\\/\\\/x.com\\\/virksomhedsbors\"]},{\"@type\":\"Person\",\"@id\":\"https:\\\/\\\/www.saxis.dk\\\/blog\\\/#\\\/schema\\\/person\\\/7c2e254eb0bb2ca677f4483cec1e2194\",\"name\":\"Mette Jeannot\",\"image\":{\"@type\":\"ImageObject\",\"inLanguage\":\"da-DK\",\"@id\":\"https:\\\/\\\/secure.gravatar.com\\\/avatar\\\/b0c675d5b1f4d0c2760a168970ddd4216d210a5df3a530ac853796f24abee1b8?s=96&d=mm&r=g\",\"url\":\"https:\\\/\\\/secure.gravatar.com\\\/avatar\\\/b0c675d5b1f4d0c2760a168970ddd4216d210a5df3a530ac853796f24abee1b8?s=96&d=mm&r=g\",\"contentUrl\":\"https:\\\/\\\/secure.gravatar.com\\\/avatar\\\/b0c675d5b1f4d0c2760a168970ddd4216d210a5df3a530ac853796f24abee1b8?s=96&d=mm&r=g\",\"caption\":\"Mette Jeannot\"},\"url\":\"https:\\\/\\\/www.saxis.dk\\\/blog\\\/author\\\/mette\\\/\"}]}<\/script>\n<!-- \/ Yoast SEO plugin. -->","yoast_head_json":{"title":"Iv\u00e6rks\u00e6tter-Mor: S\u00e5dan f\u00e5r jeg hverdagen til at h\u00e6nge sammen | Saxis virksomhedsb\u00f8rs blog","description":"Mor, iv\u00e6rks\u00e6tter og karrierekvinde: F\u00e5 hendes bedste tips til tidsstyring, struktur og mental balance i en travl hverdag.","robots":{"index":"index","follow":"follow","max-snippet":"max-snippet:-1","max-image-preview":"max-image-preview:large","max-video-preview":"max-video-preview:-1"},"canonical":"https:\/\/www.saxis.dk\/blog\/ivaerksaettermor-sadan-far-jeg-hverdagen-til-at-haenge-sammen\/","og_locale":"da_DK","og_type":"article","og_title":"Iv\u00e6rks\u00e6tter-Mor: S\u00e5dan f\u00e5r jeg hverdagen til at h\u00e6nge sammen | Saxis virksomhedsb\u00f8rs blog","og_description":"Mor, iv\u00e6rks\u00e6tter og karrierekvinde: F\u00e5 hendes bedste tips til tidsstyring, struktur og mental balance i en travl hverdag.","og_url":"https:\/\/www.saxis.dk\/blog\/ivaerksaettermor-sadan-far-jeg-hverdagen-til-at-haenge-sammen\/","og_site_name":"Saxis virksomhedsb\u00f8rs blog","article_publisher":"https:\/\/www.facebook.com\/virksomhedsbors\/","article_published_time":"2015-07-20T09:42:56+00:00","article_modified_time":"2025-11-25T09:03:31+00:00","og_image":[{"width":519,"height":436,"url":"https:\/\/www.saxis.dk\/blog\/wp-content\/uploads\/2015\/07\/Ivaerksaettermor_2-e1437392496208.png","type":"image\/png"}],"author":"Mette Jeannot","twitter_card":"summary_large_image","twitter_creator":"@virksomhedsbors","twitter_site":"@virksomhedsbors","twitter_misc":{"Skrevet af":"Mette Jeannot","Estimeret l\u00e6setid":"7 minutter"},"schema":{"@context":"https:\/\/schema.org","@graph":[{"@type":"Article","@id":"https:\/\/www.saxis.dk\/blog\/ivaerksaettermor-sadan-far-jeg-hverdagen-til-at-haenge-sammen\/#article","isPartOf":{"@id":"https:\/\/www.saxis.dk\/blog\/ivaerksaettermor-sadan-far-jeg-hverdagen-til-at-haenge-sammen\/"},"author":{"name":"Mette Jeannot","@id":"https:\/\/www.saxis.dk\/blog\/#\/schema\/person\/7c2e254eb0bb2ca677f4483cec1e2194"},"headline":"Iv\u00e6rks\u00e6tter-Mor: S\u00e5dan f\u00e5r jeg hverdagen til at h\u00e6nge sammen","datePublished":"2015-07-20T09:42:56+00:00","dateModified":"2025-11-25T09:03:31+00:00","mainEntityOfPage":{"@id":"https:\/\/www.saxis.dk\/blog\/ivaerksaettermor-sadan-far-jeg-hverdagen-til-at-haenge-sammen\/"},"wordCount":1229,"commentCount":0,"publisher":{"@id":"https:\/\/www.saxis.dk\/blog\/#organization"},"image":{"@id":"https:\/\/www.saxis.dk\/blog\/ivaerksaettermor-sadan-far-jeg-hverdagen-til-at-haenge-sammen\/#primaryimage"},"thumbnailUrl":"https:\/\/www.saxis.dk\/blog\/wp-content\/uploads\/2015\/07\/Ivaerksaettermor_2-e1437392496208.png","articleSection":["Interviews Og G\u00e6steblogs"],"inLanguage":"da-DK","potentialAction":[{"@type":"CommentAction","name":"Comment","target":["https:\/\/www.saxis.dk\/blog\/ivaerksaettermor-sadan-far-jeg-hverdagen-til-at-haenge-sammen\/#respond"]}]},{"@type":"WebPage","@id":"https:\/\/www.saxis.dk\/blog\/ivaerksaettermor-sadan-far-jeg-hverdagen-til-at-haenge-sammen\/","url":"https:\/\/www.saxis.dk\/blog\/ivaerksaettermor-sadan-far-jeg-hverdagen-til-at-haenge-sammen\/","name":"Iv\u00e6rks\u00e6tter-Mor: S\u00e5dan f\u00e5r jeg hverdagen til at h\u00e6nge sammen | Saxis virksomhedsb\u00f8rs blog","isPartOf":{"@id":"https:\/\/www.saxis.dk\/blog\/#website"},"primaryImageOfPage":{"@id":"https:\/\/www.saxis.dk\/blog\/ivaerksaettermor-sadan-far-jeg-hverdagen-til-at-haenge-sammen\/#primaryimage"},"image":{"@id":"https:\/\/www.saxis.dk\/blog\/ivaerksaettermor-sadan-far-jeg-hverdagen-til-at-haenge-sammen\/#primaryimage"},"thumbnailUrl":"https:\/\/www.saxis.dk\/blog\/wp-content\/uploads\/2015\/07\/Ivaerksaettermor_2-e1437392496208.png","datePublished":"2015-07-20T09:42:56+00:00","dateModified":"2025-11-25T09:03:31+00:00","description":"Mor, iv\u00e6rks\u00e6tter og karrierekvinde: F\u00e5 hendes bedste tips til tidsstyring, struktur og mental balance i en travl hverdag.","breadcrumb":{"@id":"https:\/\/www.saxis.dk\/blog\/ivaerksaettermor-sadan-far-jeg-hverdagen-til-at-haenge-sammen\/#breadcrumb"},"inLanguage":"da-DK","potentialAction":[{"@type":"ReadAction","target":["https:\/\/www.saxis.dk\/blog\/ivaerksaettermor-sadan-far-jeg-hverdagen-til-at-haenge-sammen\/"]}]},{"@type":"ImageObject","inLanguage":"da-DK","@id":"https:\/\/www.saxis.dk\/blog\/ivaerksaettermor-sadan-far-jeg-hverdagen-til-at-haenge-sammen\/#primaryimage","url":"https:\/\/www.saxis.dk\/blog\/wp-content\/uploads\/2015\/07\/Ivaerksaettermor_2-e1437392496208.png","contentUrl":"https:\/\/www.saxis.dk\/blog\/wp-content\/uploads\/2015\/07\/Ivaerksaettermor_2-e1437392496208.png","width":519,"height":436},{"@type":"BreadcrumbList","@id":"https:\/\/www.saxis.dk\/blog\/ivaerksaettermor-sadan-far-jeg-hverdagen-til-at-haenge-sammen\/#breadcrumb","itemListElement":[{"@type":"ListItem","position":1,"name":"Blog","item":"https:\/\/www.saxis.dk\/blog\/"},{"@type":"ListItem","position":2,"name":"Artikler","item":"https:\/\/www.saxis.dk\/blog\/category\/artikler\/"},{"@type":"ListItem","position":3,"name":"Interviews Og G\u00e6steblogs","item":"https:\/\/www.saxis.dk\/blog\/category\/artikler\/interviews-og-gaesteblogs\/"},{"@type":"ListItem","position":4,"name":"Iv\u00e6rks\u00e6tter-Mor: S\u00e5dan f\u00e5r jeg hverdagen til at h\u00e6nge sammen"}]},{"@type":"WebSite","@id":"https:\/\/www.saxis.dk\/blog\/#website","url":"https:\/\/www.saxis.dk\/blog\/","name":"Saxis virksomhedsb\u00f8rs blog","description":"Blog om k\u00f8b og salg af virksomheder, g\u00e6steblogs fra Danmarks dygtigste virksomhedsledere og meget mere.","publisher":{"@id":"https:\/\/www.saxis.dk\/blog\/#organization"},"potentialAction":[{"@type":"SearchAction","target":{"@type":"EntryPoint","urlTemplate":"https:\/\/www.saxis.dk\/blog\/?s={search_term_string}"},"query-input":{"@type":"PropertyValueSpecification","valueRequired":true,"valueName":"search_term_string"}}],"inLanguage":"da-DK"},{"@type":"Organization","@id":"https:\/\/www.saxis.dk\/blog\/#organization","name":"Saxis Virksomhedsb\u00f8rs","url":"https:\/\/www.saxis.dk\/blog\/","logo":{"@type":"ImageObject","inLanguage":"da-DK","@id":"https:\/\/www.saxis.dk\/blog\/#\/schema\/logo\/image\/","url":"https:\/\/www.saxis.dk\/blog\/wp-content\/uploads\/2018\/05\/logo-blog-saxis.png","contentUrl":"https:\/\/www.saxis.dk\/blog\/wp-content\/uploads\/2018\/05\/logo-blog-saxis.png","width":916,"height":272,"caption":"Saxis Virksomhedsb\u00f8rs"},"image":{"@id":"https:\/\/www.saxis.dk\/blog\/#\/schema\/logo\/image\/"},"sameAs":["https:\/\/www.facebook.com\/virksomhedsbors\/","https:\/\/x.com\/virksomhedsbors"]},{"@type":"Person","@id":"https:\/\/www.saxis.dk\/blog\/#\/schema\/person\/7c2e254eb0bb2ca677f4483cec1e2194","name":"Mette Jeannot","image":{"@type":"ImageObject","inLanguage":"da-DK","@id":"https:\/\/secure.gravatar.com\/avatar\/b0c675d5b1f4d0c2760a168970ddd4216d210a5df3a530ac853796f24abee1b8?s=96&d=mm&r=g","url":"https:\/\/secure.gravatar.com\/avatar\/b0c675d5b1f4d0c2760a168970ddd4216d210a5df3a530ac853796f24abee1b8?s=96&d=mm&r=g","contentUrl":"https:\/\/secure.gravatar.com\/avatar\/b0c675d5b1f4d0c2760a168970ddd4216d210a5df3a530ac853796f24abee1b8?s=96&d=mm&r=g","caption":"Mette Jeannot"},"url":"https:\/\/www.saxis.dk\/blog\/author\/mette\/"}]}},"_links":{"self":[{"href":"https:\/\/www.saxis.dk\/blog\/wp-json\/wp\/v2\/posts\/2000","targetHints":{"allow":["GET"]}}],"collection":[{"href":"https:\/\/www.saxis.dk\/blog\/wp-json\/wp\/v2\/posts"}],"about":[{"href":"https:\/\/www.saxis.dk\/blog\/wp-json\/wp\/v2\/types\/post"}],"author":[{"embeddable":true,"href":"https:\/\/www.saxis.dk\/blog\/wp-json\/wp\/v2\/users\/18"}],"replies":[{"embeddable":true,"href":"https:\/\/www.saxis.dk\/blog\/wp-json\/wp\/v2\/comments?post=2000"}],"version-history":[{"count":7,"href":"https:\/\/www.saxis.dk\/blog\/wp-json\/wp\/v2\/posts\/2000\/revisions"}],"predecessor-version":[{"id":8652,"href":"https:\/\/www.saxis.dk\/blog\/wp-json\/wp\/v2\/posts\/2000\/revisions\/8652"}],"wp:featuredmedia":[{"embeddable":true,"href":"https:\/\/www.saxis.dk\/blog\/wp-json\/wp\/v2\/media\/2003"}],"wp:attachment":[{"href":"https:\/\/www.saxis.dk\/blog\/wp-json\/wp\/v2\/media?parent=2000"}],"wp:term":[{"taxonomy":"category","embeddable":true,"href":"https:\/\/www.saxis.dk\/blog\/wp-json\/wp\/v2\/categories?post=2000"},{"taxonomy":"post_tag","embeddable":true,"href":"https:\/\/www.saxis.dk\/blog\/wp-json\/wp\/v2\/tags?post=2000"}],"curies":[{"name":"wp","href":"https:\/\/api.w.org\/{rel}","templated":true}]}}