{"id":1998,"date":"2015-07-20T13:59:39","date_gmt":"2015-07-20T11:59:39","guid":{"rendered":"http:\/\/vborscms.amino.dk\/?page_id=1998"},"modified":"2019-05-20T13:59:11","modified_gmt":"2019-05-20T11:59:11","slug":"les-deux-medstifter-jeg-er-tilhaenger-af-at-man-faerdiggor-sin-uddannelse","status":"publish","type":"post","link":"https:\/\/www.saxis.dk\/blog\/les-deux-medstifter-jeg-er-tilhaenger-af-at-man-faerdiggor-sin-uddannelse\/","title":{"rendered":"Les Deux-medstifter: \u201dJeg er tilh\u00e6nger af at man f\u00e6rdigg\u00f8r sin uddannelse\u201d"},"content":{"rendered":"<p><img loading=\"lazy\" decoding=\"async\" class=\"aligncenter wp-image-2012\" src=\"http:\/\/www.saxis.dk\/blog\/wp-content\/uploads\/2015\/07\/Andreas_von_der_heide1.png\" alt=\"Andreas_von_der_heide\" width=\"520\" height=\"409\" \/><\/p>\n<p><em><a href=\"http:\/\/www.lesdeux.dk\/\" target=\"_blank\" rel=\"noopener\">Les Deux<\/a> er et forholdsvist nyt dansk t\u00f8jm\u00e6rke, der er i rivende v\u00e6kst og som p\u00e5 forholdsvist kort tid har vokset sig stort p\u00e5 tv\u00e6rs af\u00a0kontinenterne. Medstifter,\u00a0<strong>Andreas Von Der Heide<\/strong>, deler her ud af tips til hvordan det kunne lade sig g\u00f8re, samtidigt med at han har passet sit studie i jura, ved K\u00f8benhavns Universitet.<\/em><\/p>\n<p>L\u00e6s ogs\u00e5:\u00a0<a href=\"https:\/\/www.saxis.dk\/blog\/les-deux-sadan-sparer-du-50-mio-pa-at-indtage-det-kinesiske-marked\/\">Les Deux: S\u00e5dan sparer du 50 mio. p\u00e5 at indtage det kinesiske marked<\/a><\/p>\n<h3>Iv\u00e6rks\u00e6tter blandt meget andet<\/h3>\n<p>For bare 5 \u00e5r siden havde jeg ingen id\u00e9 om den rejse jeg stod foran.\u00a0N\u00e5r denne artikel\u00a0ryger ud til alle jer \u201dAminoer\u201d, er jeg i fuld gang med mit indsalg til SS16 (Spring Summer 16) i New York.<\/p>\n<p>Mit navn er Andreas von der Heide og jeg er efterh\u00e5nden 26 \u00e5r. Jeg er medejer af det danske t\u00f8jfirma, Les Deux som i februar m\u00e5ned blev k\u00e5ret til et af de vigtigste profitable danske t\u00f8jm\u00e6rker og har netop v\u00e6ret med i opk\u00f8bet af interi\u00f8rvirksomheden By Nord Copenhagen.<\/p>\n<p>Ved siden af mit liv som <a href=\"https:\/\/www.amino.dk\/wikis\/erhverv\/hvad-er-en-ivaerksaetter.aspx\" target=\"_blank\" rel=\"noopener\">iv\u00e6rks\u00e6tter<\/a> er jeg i fuld gang med at skrive min kandidatafhandling ved K\u00f8benhavns Universitet. Da jeg i 2010 fik s\u00f8sat Les Deux var jeg netop g\u00e5et i gang med jurastudiet. Dengang havde vi \u00e9n T-shirt (den historie kender I, eller kan I l\u00e6se meget mere om via diverse artikler) og en masse dr\u00f8mme. Der var hverken r\u00e5d eller arbejde nok til at g\u00e5 fuldtid, men her supplerede SU\u2019en fantastisk op omkring mine ambitioner om at f\u00e5 Les Deux til at lykkedes.<\/p>\n<p>Modsat mange andre iv\u00e6rks\u00e6ttere, s\u00e5 er jeg tilh\u00e6nger af, at man f\u00e6rdigg\u00f8r sin uddannelse \u2013 vi f\u00e5r trods alt en af den danske stat \u2013 og det er der mange m\u00e5der at g\u00f8re p\u00e5. Jeg vil gerne fort\u00e6lle jer om min m\u00e5de at skrue en dagligdag sammen p\u00e5 som iv\u00e6rks\u00e6tter, far, k\u00e6reste, jurastuderende og ultral\u00f8ber.<\/p>\n<p>Tidligt p\u00e5 mit jurastudie var frustrationerne mange, da jeg ikke vidste, hvilken vej jeg skulle g\u00e5, jura- eller iv\u00e6rks\u00e6ttervejen. Der kom en skillevej, hvor jeg m\u00e5tte v\u00e6lge, hvor jeg ville l\u00e6gge mit fokus. Efter at v\u00e6re udtaget til et talentnetv\u00e6rk hos et af Danmarks st\u00f8rste advokatvirksomheder fandt jeg ud af at jeg egentligt ikke br\u00e6ndte for juraen, men n\u00e6rmere min frihed og livsstil som iv\u00e6rks\u00e6tter.<\/p>\n<h3>Prioritering, planl\u00e6gning og mere prioritering<\/h3>\n<p>Hele mit liv er jeg blevet m\u00f8dt af folk der sagde at jeg ikke kunne det jeg ville, hvilket har resulteret i utallige maraton, ironman, 250 kilometer l\u00f8b gennem Sahara og livet som iv\u00e6rks\u00e6tter. Tanken om at sidde som \u201dslave\u201d under en gammel partner i et advokatselskab tog livet af mig, s\u00e5 jeg m\u00e5tte indrette mig efter min dr\u00f8m, Les Deux.<\/p>\n<p>Jeg valgte at droppe AL undervisning \u2013 som i min optik er spild af tid \u2013 da jeg m\u00e5tte optimere min tid bedst muligt. I l\u00f8bet af et \u00e5r er der eksamensperiode 2 gange med 3 eksamener i hver periode.\u00a0 Min\u00a0 fremgangsm\u00e5de er bygget op i tre trin:<\/p>\n<p><span style=\"line-height: 1.5;\"><b>1<\/b>.\u00a0<\/span><strong style=\"line-height: 1.5;\">K\u00f8b pensumbogen (14 dage f\u00f8r eksamen)<\/strong><\/p>\n<p><strong style=\"line-height: 1.5;\">2. Strukturer din tid (14 dage)<\/strong><\/p>\n<p><strong style=\"line-height: 1.5;\">3. Eksekv\u00e9r (eksamen)<\/strong><\/p>\n<p>N\u00e5r b\u00f8gerne er k\u00f8bt, deler jeg min l\u00e6sning op i emner og danner mig en labyrint, som jeg kan arbejde mig igennem. P\u00e5 den m\u00e5de kan censor springe rundt i emnerne og jeg kan f\u00f8lge med ved at g\u00e5 gennem labyrinten i hovedet.<\/p>\n<p>En dag i min eksamensperiode ser s\u00e5ledes ud: Jeg st\u00e5r op kl. 05.30, m\u00f8der p\u00e5 kontoret kl. 06.30, arbejder med mit team frem til kl. 17 og fra kl. 17 til 01-02 lukkes telefon, E-mail etc. Her bliver fokus lagt p\u00e5 at l\u00e6se. N\u00e5r jeg er f\u00e6rdig med l\u00e6sningen er det i seng og s\u00e5dan foreg\u00e5r det i 14 dage. I perioden er al socialliv valgt fra og der er kun to ting i mit hoved \u2013 min virksomhed og min eksamen.<\/p>\n<p>L\u00e6s ogs\u00e5:\u00a0<a href=\"https:\/\/www.saxis.dk\/blog\/andreas-von-der-heide-om-ekstremsport-og-ivaerksaetteri\/\">Andreas Von Der Heide om ekstremsport og iv\u00e6rks\u00e6tteri<\/a><\/p>\n<h3>\u00a0&#8230;Jura?<\/h3>\n<p>Du sidder nok og t\u00e6nker p\u00e5, hvorfor jeg har valgt at f\u00e6rdigg\u00f8re mit studie. Det handler for mig om at v\u00e6re den bedste jeg overhovedet kan blive. En uddannelse giver mig n\u00f8dvendigvis ikke en viden om et specifikt emne, men derimod en tankegang \u2013 en metode.<\/p>\n<p>Jeg er dog overbevist om at unge iv\u00e6rks\u00e6ttere, som b\u00e5de kan kapere studie og iv\u00e6rks\u00e6tteri, st\u00e5r ti gange st\u00e6rkere end den dygtigste elev p\u00e5 holdet. Den viden som du f\u00e5r fra iv\u00e6rks\u00e6tteri er unik. Du l\u00e6rer af modstand og at k\u00e6mpe for det du v\u00e6rds\u00e6tter mest \u2013 din virksomhed. Du finder hurtigt ud af, hvor n\u00f8dvendigt et st\u00e6rkt netv\u00e6rk er og at det der st\u00e5r i bogen oftest ikke er s\u00e5dan det fungerer i det rigtige liv.<\/p>\n<p>Jeg gl\u00e6der mig til at f\u00e5 afleveret min afsluttende opgave og lagt juraen p\u00e5 hylden som et overst\u00e5et kapitel, men jeg tager metoden med mig resten af livet som iv\u00e6rks\u00e6tter.<\/p>\n<p>N\u00e6ste stop for mig er Tokyo, hvor vi har f\u00e5et godt hul p\u00e5 markedet og rejsen er kun lige begyndt. Om blot to uger vender jeg n\u00e6sen hjem mod Danmark, hvor vi lancerer en Les Deux \u00f8l under den danske modeuge i samarbejde med N\u00f8rrebro Bryghus, for ikke at glemme vores shop in shop \u00e5bning i Magasin.<\/p>\n<p>&#8211; Impossible is nothing \u2013<\/p>\n<p>L\u00e6s ogs\u00e5:\u00a0<a href=\"https:\/\/www.saxis.dk\/blog\/derfor-skal-du-bruge-en-advokat-til-overdragelseskontrakten\/\">Derfor skal du bruge en advokat til overdragelseskontrakten<\/a><\/p>\n","protected":false},"excerpt":{"rendered":"<p>Les Deux er et forholdsvist nyt dansk t\u00f8jm\u00e6rke, der er i rivende v\u00e6kst og som p\u00e5 forholdsvist kort tid har vokset sig stort p\u00e5 tv\u00e6rs af\u00a0kontinenterne. Medstifter,\u00a0Andreas Von Der Heide, deler her ud af tips til hvordan det kunne lade sig g\u00f8re, samtidigt med at han har passet sit studie i jura, ved K\u00f8benhavns Universitet&#8230;.<\/p>\n<p><a class=\"btn read-more-button understrap-read-more-link\" href=\"https:\/\/www.saxis.dk\/blog\/les-deux-medstifter-jeg-er-tilhaenger-af-at-man-faerdiggor-sin-uddannelse\/\">L\u00e6s mere&#8230;<\/a><\/p>\n","protected":false},"author":18,"featured_media":2012,"comment_status":"open","ping_status":"open","sticky":false,"template":"","format":"standard","meta":{"footnotes":""},"categories":[20],"tags":[],"class_list":["post-1998","post","type-post","status-publish","format-standard","has-post-thumbnail","hentry","category-interviews-og-gaesteblogs"],"yoast_head":"<!-- This site is optimized with the Yoast SEO plugin v27.4 - https:\/\/yoast.com\/product\/yoast-seo-wordpress\/ -->\n<title>Les Deux-medstifter: \u201dJeg er tilh\u00e6nger af at man f\u00e6rdigg\u00f8r sin uddannelse\u201d | Saxis virksomhedsb\u00f8rs blog<\/title>\n<meta name=\"description\" content=\"Andreas Von Der Heide, deler her ud af tips til hvordan han skabte Les Duex samtidigt med at han har passet sit studie i jura, ved K\u00f8benhavns Universitet.\" \/>\n<meta name=\"robots\" content=\"index, follow, max-snippet:-1, max-image-preview:large, max-video-preview:-1\" \/>\n<link rel=\"canonical\" href=\"https:\/\/www.saxis.dk\/blog\/les-deux-medstifter-jeg-er-tilhaenger-af-at-man-faerdiggor-sin-uddannelse\/\" \/>\n<meta property=\"og:locale\" content=\"da_DK\" \/>\n<meta property=\"og:type\" content=\"article\" \/>\n<meta property=\"og:title\" content=\"Les Deux-medstifter: \u201dJeg er tilh\u00e6nger af at man f\u00e6rdigg\u00f8r sin uddannelse\u201d | Saxis virksomhedsb\u00f8rs blog\" \/>\n<meta property=\"og:description\" content=\"Andreas Von Der Heide, deler her ud af tips til hvordan han skabte Les Duex samtidigt med at han har passet sit studie i jura, ved K\u00f8benhavns Universitet.\" \/>\n<meta property=\"og:url\" content=\"https:\/\/www.saxis.dk\/blog\/les-deux-medstifter-jeg-er-tilhaenger-af-at-man-faerdiggor-sin-uddannelse\/\" \/>\n<meta property=\"og:site_name\" content=\"Saxis virksomhedsb\u00f8rs blog\" \/>\n<meta property=\"article:publisher\" content=\"https:\/\/www.facebook.com\/virksomhedsbors\/\" \/>\n<meta property=\"article:published_time\" content=\"2015-07-20T11:59:39+00:00\" \/>\n<meta property=\"article:modified_time\" content=\"2019-05-20T11:59:11+00:00\" \/>\n<meta property=\"og:image\" content=\"https:\/\/www.saxis.dk\/blog\/wp-content\/uploads\/2015\/07\/Andreas_von_der_heide1.png\" \/>\n\t<meta property=\"og:image:width\" content=\"627\" \/>\n\t<meta property=\"og:image:height\" content=\"493\" \/>\n\t<meta property=\"og:image:type\" content=\"image\/png\" \/>\n<meta name=\"author\" content=\"Mette Jeannot\" \/>\n<meta name=\"twitter:card\" content=\"summary_large_image\" \/>\n<meta name=\"twitter:creator\" content=\"@virksomhedsbors\" \/>\n<meta name=\"twitter:site\" content=\"@virksomhedsbors\" \/>\n<meta name=\"twitter:label1\" content=\"Skrevet af\" \/>\n\t<meta name=\"twitter:data1\" content=\"Mette Jeannot\" \/>\n\t<meta name=\"twitter:label2\" content=\"Estimeret l\u00e6setid\" \/>\n\t<meta name=\"twitter:data2\" content=\"5 minutter\" \/>\n<script type=\"application\/ld+json\" class=\"yoast-schema-graph\">{\"@context\":\"https:\\\/\\\/schema.org\",\"@graph\":[{\"@type\":\"Article\",\"@id\":\"https:\\\/\\\/www.saxis.dk\\\/blog\\\/les-deux-medstifter-jeg-er-tilhaenger-af-at-man-faerdiggor-sin-uddannelse\\\/#article\",\"isPartOf\":{\"@id\":\"https:\\\/\\\/www.saxis.dk\\\/blog\\\/les-deux-medstifter-jeg-er-tilhaenger-af-at-man-faerdiggor-sin-uddannelse\\\/\"},\"author\":{\"name\":\"Mette Jeannot\",\"@id\":\"https:\\\/\\\/www.saxis.dk\\\/blog\\\/#\\\/schema\\\/person\\\/7c2e254eb0bb2ca677f4483cec1e2194\"},\"headline\":\"Les Deux-medstifter: \u201dJeg er tilh\u00e6nger af at man f\u00e6rdigg\u00f8r sin uddannelse\u201d\",\"datePublished\":\"2015-07-20T11:59:39+00:00\",\"dateModified\":\"2019-05-20T11:59:11+00:00\",\"mainEntityOfPage\":{\"@id\":\"https:\\\/\\\/www.saxis.dk\\\/blog\\\/les-deux-medstifter-jeg-er-tilhaenger-af-at-man-faerdiggor-sin-uddannelse\\\/\"},\"wordCount\":969,\"commentCount\":0,\"publisher\":{\"@id\":\"https:\\\/\\\/www.saxis.dk\\\/blog\\\/#organization\"},\"image\":{\"@id\":\"https:\\\/\\\/www.saxis.dk\\\/blog\\\/les-deux-medstifter-jeg-er-tilhaenger-af-at-man-faerdiggor-sin-uddannelse\\\/#primaryimage\"},\"thumbnailUrl\":\"https:\\\/\\\/www.saxis.dk\\\/blog\\\/wp-content\\\/uploads\\\/2015\\\/07\\\/Andreas_von_der_heide1.png\",\"articleSection\":[\"Interviews Og G\u00e6steblogs\"],\"inLanguage\":\"da-DK\",\"potentialAction\":[{\"@type\":\"CommentAction\",\"name\":\"Comment\",\"target\":[\"https:\\\/\\\/www.saxis.dk\\\/blog\\\/les-deux-medstifter-jeg-er-tilhaenger-af-at-man-faerdiggor-sin-uddannelse\\\/#respond\"]}]},{\"@type\":\"WebPage\",\"@id\":\"https:\\\/\\\/www.saxis.dk\\\/blog\\\/les-deux-medstifter-jeg-er-tilhaenger-af-at-man-faerdiggor-sin-uddannelse\\\/\",\"url\":\"https:\\\/\\\/www.saxis.dk\\\/blog\\\/les-deux-medstifter-jeg-er-tilhaenger-af-at-man-faerdiggor-sin-uddannelse\\\/\",\"name\":\"Les Deux-medstifter: \u201dJeg er tilh\u00e6nger af at man f\u00e6rdigg\u00f8r sin uddannelse\u201d | Saxis virksomhedsb\u00f8rs blog\",\"isPartOf\":{\"@id\":\"https:\\\/\\\/www.saxis.dk\\\/blog\\\/#website\"},\"primaryImageOfPage\":{\"@id\":\"https:\\\/\\\/www.saxis.dk\\\/blog\\\/les-deux-medstifter-jeg-er-tilhaenger-af-at-man-faerdiggor-sin-uddannelse\\\/#primaryimage\"},\"image\":{\"@id\":\"https:\\\/\\\/www.saxis.dk\\\/blog\\\/les-deux-medstifter-jeg-er-tilhaenger-af-at-man-faerdiggor-sin-uddannelse\\\/#primaryimage\"},\"thumbnailUrl\":\"https:\\\/\\\/www.saxis.dk\\\/blog\\\/wp-content\\\/uploads\\\/2015\\\/07\\\/Andreas_von_der_heide1.png\",\"datePublished\":\"2015-07-20T11:59:39+00:00\",\"dateModified\":\"2019-05-20T11:59:11+00:00\",\"description\":\"Andreas Von Der Heide, deler her ud af tips til hvordan han skabte Les Duex samtidigt med at han har passet sit studie i jura, ved K\u00f8benhavns Universitet.\",\"breadcrumb\":{\"@id\":\"https:\\\/\\\/www.saxis.dk\\\/blog\\\/les-deux-medstifter-jeg-er-tilhaenger-af-at-man-faerdiggor-sin-uddannelse\\\/#breadcrumb\"},\"inLanguage\":\"da-DK\",\"potentialAction\":[{\"@type\":\"ReadAction\",\"target\":[\"https:\\\/\\\/www.saxis.dk\\\/blog\\\/les-deux-medstifter-jeg-er-tilhaenger-af-at-man-faerdiggor-sin-uddannelse\\\/\"]}]},{\"@type\":\"ImageObject\",\"inLanguage\":\"da-DK\",\"@id\":\"https:\\\/\\\/www.saxis.dk\\\/blog\\\/les-deux-medstifter-jeg-er-tilhaenger-af-at-man-faerdiggor-sin-uddannelse\\\/#primaryimage\",\"url\":\"https:\\\/\\\/www.saxis.dk\\\/blog\\\/wp-content\\\/uploads\\\/2015\\\/07\\\/Andreas_von_der_heide1.png\",\"contentUrl\":\"https:\\\/\\\/www.saxis.dk\\\/blog\\\/wp-content\\\/uploads\\\/2015\\\/07\\\/Andreas_von_der_heide1.png\",\"width\":627,\"height\":493},{\"@type\":\"BreadcrumbList\",\"@id\":\"https:\\\/\\\/www.saxis.dk\\\/blog\\\/les-deux-medstifter-jeg-er-tilhaenger-af-at-man-faerdiggor-sin-uddannelse\\\/#breadcrumb\",\"itemListElement\":[{\"@type\":\"ListItem\",\"position\":1,\"name\":\"Blog\",\"item\":\"https:\\\/\\\/www.saxis.dk\\\/blog\\\/\"},{\"@type\":\"ListItem\",\"position\":2,\"name\":\"Artikler\",\"item\":\"https:\\\/\\\/www.saxis.dk\\\/blog\\\/category\\\/artikler\\\/\"},{\"@type\":\"ListItem\",\"position\":3,\"name\":\"Interviews Og G\u00e6steblogs\",\"item\":\"https:\\\/\\\/www.saxis.dk\\\/blog\\\/category\\\/artikler\\\/interviews-og-gaesteblogs\\\/\"},{\"@type\":\"ListItem\",\"position\":4,\"name\":\"Les Deux-medstifter: \u201dJeg er tilh\u00e6nger af at man f\u00e6rdigg\u00f8r sin uddannelse\u201d\"}]},{\"@type\":\"WebSite\",\"@id\":\"https:\\\/\\\/www.saxis.dk\\\/blog\\\/#website\",\"url\":\"https:\\\/\\\/www.saxis.dk\\\/blog\\\/\",\"name\":\"Saxis virksomhedsb\u00f8rs blog\",\"description\":\"Blog om k\u00f8b og salg af virksomheder, g\u00e6steblogs fra Danmarks dygtigste virksomhedsledere og meget mere.\",\"publisher\":{\"@id\":\"https:\\\/\\\/www.saxis.dk\\\/blog\\\/#organization\"},\"potentialAction\":[{\"@type\":\"SearchAction\",\"target\":{\"@type\":\"EntryPoint\",\"urlTemplate\":\"https:\\\/\\\/www.saxis.dk\\\/blog\\\/?s={search_term_string}\"},\"query-input\":{\"@type\":\"PropertyValueSpecification\",\"valueRequired\":true,\"valueName\":\"search_term_string\"}}],\"inLanguage\":\"da-DK\"},{\"@type\":\"Organization\",\"@id\":\"https:\\\/\\\/www.saxis.dk\\\/blog\\\/#organization\",\"name\":\"Saxis Virksomhedsb\u00f8rs\",\"url\":\"https:\\\/\\\/www.saxis.dk\\\/blog\\\/\",\"logo\":{\"@type\":\"ImageObject\",\"inLanguage\":\"da-DK\",\"@id\":\"https:\\\/\\\/www.saxis.dk\\\/blog\\\/#\\\/schema\\\/logo\\\/image\\\/\",\"url\":\"https:\\\/\\\/www.saxis.dk\\\/blog\\\/wp-content\\\/uploads\\\/2018\\\/05\\\/logo-blog-saxis.png\",\"contentUrl\":\"https:\\\/\\\/www.saxis.dk\\\/blog\\\/wp-content\\\/uploads\\\/2018\\\/05\\\/logo-blog-saxis.png\",\"width\":916,\"height\":272,\"caption\":\"Saxis Virksomhedsb\u00f8rs\"},\"image\":{\"@id\":\"https:\\\/\\\/www.saxis.dk\\\/blog\\\/#\\\/schema\\\/logo\\\/image\\\/\"},\"sameAs\":[\"https:\\\/\\\/www.facebook.com\\\/virksomhedsbors\\\/\",\"https:\\\/\\\/x.com\\\/virksomhedsbors\"]},{\"@type\":\"Person\",\"@id\":\"https:\\\/\\\/www.saxis.dk\\\/blog\\\/#\\\/schema\\\/person\\\/7c2e254eb0bb2ca677f4483cec1e2194\",\"name\":\"Mette Jeannot\",\"image\":{\"@type\":\"ImageObject\",\"inLanguage\":\"da-DK\",\"@id\":\"https:\\\/\\\/secure.gravatar.com\\\/avatar\\\/b0c675d5b1f4d0c2760a168970ddd4216d210a5df3a530ac853796f24abee1b8?s=96&d=mm&r=g\",\"url\":\"https:\\\/\\\/secure.gravatar.com\\\/avatar\\\/b0c675d5b1f4d0c2760a168970ddd4216d210a5df3a530ac853796f24abee1b8?s=96&d=mm&r=g\",\"contentUrl\":\"https:\\\/\\\/secure.gravatar.com\\\/avatar\\\/b0c675d5b1f4d0c2760a168970ddd4216d210a5df3a530ac853796f24abee1b8?s=96&d=mm&r=g\",\"caption\":\"Mette Jeannot\"},\"url\":\"https:\\\/\\\/www.saxis.dk\\\/blog\\\/author\\\/mette\\\/\"}]}<\/script>\n<!-- \/ Yoast SEO plugin. -->","yoast_head_json":{"title":"Les Deux-medstifter: \u201dJeg er tilh\u00e6nger af at man f\u00e6rdigg\u00f8r sin uddannelse\u201d | Saxis virksomhedsb\u00f8rs blog","description":"Andreas Von Der Heide, deler her ud af tips til hvordan han skabte Les Duex samtidigt med at han har passet sit studie i jura, ved K\u00f8benhavns Universitet.","robots":{"index":"index","follow":"follow","max-snippet":"max-snippet:-1","max-image-preview":"max-image-preview:large","max-video-preview":"max-video-preview:-1"},"canonical":"https:\/\/www.saxis.dk\/blog\/les-deux-medstifter-jeg-er-tilhaenger-af-at-man-faerdiggor-sin-uddannelse\/","og_locale":"da_DK","og_type":"article","og_title":"Les Deux-medstifter: \u201dJeg er tilh\u00e6nger af at man f\u00e6rdigg\u00f8r sin uddannelse\u201d | Saxis virksomhedsb\u00f8rs blog","og_description":"Andreas Von Der Heide, deler her ud af tips til hvordan han skabte Les Duex samtidigt med at han har passet sit studie i jura, ved K\u00f8benhavns Universitet.","og_url":"https:\/\/www.saxis.dk\/blog\/les-deux-medstifter-jeg-er-tilhaenger-af-at-man-faerdiggor-sin-uddannelse\/","og_site_name":"Saxis virksomhedsb\u00f8rs blog","article_publisher":"https:\/\/www.facebook.com\/virksomhedsbors\/","article_published_time":"2015-07-20T11:59:39+00:00","article_modified_time":"2019-05-20T11:59:11+00:00","og_image":[{"width":627,"height":493,"url":"https:\/\/www.saxis.dk\/blog\/wp-content\/uploads\/2015\/07\/Andreas_von_der_heide1.png","type":"image\/png"}],"author":"Mette Jeannot","twitter_card":"summary_large_image","twitter_creator":"@virksomhedsbors","twitter_site":"@virksomhedsbors","twitter_misc":{"Skrevet af":"Mette Jeannot","Estimeret l\u00e6setid":"5 minutter"},"schema":{"@context":"https:\/\/schema.org","@graph":[{"@type":"Article","@id":"https:\/\/www.saxis.dk\/blog\/les-deux-medstifter-jeg-er-tilhaenger-af-at-man-faerdiggor-sin-uddannelse\/#article","isPartOf":{"@id":"https:\/\/www.saxis.dk\/blog\/les-deux-medstifter-jeg-er-tilhaenger-af-at-man-faerdiggor-sin-uddannelse\/"},"author":{"name":"Mette Jeannot","@id":"https:\/\/www.saxis.dk\/blog\/#\/schema\/person\/7c2e254eb0bb2ca677f4483cec1e2194"},"headline":"Les Deux-medstifter: \u201dJeg er tilh\u00e6nger af at man f\u00e6rdigg\u00f8r sin uddannelse\u201d","datePublished":"2015-07-20T11:59:39+00:00","dateModified":"2019-05-20T11:59:11+00:00","mainEntityOfPage":{"@id":"https:\/\/www.saxis.dk\/blog\/les-deux-medstifter-jeg-er-tilhaenger-af-at-man-faerdiggor-sin-uddannelse\/"},"wordCount":969,"commentCount":0,"publisher":{"@id":"https:\/\/www.saxis.dk\/blog\/#organization"},"image":{"@id":"https:\/\/www.saxis.dk\/blog\/les-deux-medstifter-jeg-er-tilhaenger-af-at-man-faerdiggor-sin-uddannelse\/#primaryimage"},"thumbnailUrl":"https:\/\/www.saxis.dk\/blog\/wp-content\/uploads\/2015\/07\/Andreas_von_der_heide1.png","articleSection":["Interviews Og G\u00e6steblogs"],"inLanguage":"da-DK","potentialAction":[{"@type":"CommentAction","name":"Comment","target":["https:\/\/www.saxis.dk\/blog\/les-deux-medstifter-jeg-er-tilhaenger-af-at-man-faerdiggor-sin-uddannelse\/#respond"]}]},{"@type":"WebPage","@id":"https:\/\/www.saxis.dk\/blog\/les-deux-medstifter-jeg-er-tilhaenger-af-at-man-faerdiggor-sin-uddannelse\/","url":"https:\/\/www.saxis.dk\/blog\/les-deux-medstifter-jeg-er-tilhaenger-af-at-man-faerdiggor-sin-uddannelse\/","name":"Les Deux-medstifter: \u201dJeg er tilh\u00e6nger af at man f\u00e6rdigg\u00f8r sin uddannelse\u201d | Saxis virksomhedsb\u00f8rs blog","isPartOf":{"@id":"https:\/\/www.saxis.dk\/blog\/#website"},"primaryImageOfPage":{"@id":"https:\/\/www.saxis.dk\/blog\/les-deux-medstifter-jeg-er-tilhaenger-af-at-man-faerdiggor-sin-uddannelse\/#primaryimage"},"image":{"@id":"https:\/\/www.saxis.dk\/blog\/les-deux-medstifter-jeg-er-tilhaenger-af-at-man-faerdiggor-sin-uddannelse\/#primaryimage"},"thumbnailUrl":"https:\/\/www.saxis.dk\/blog\/wp-content\/uploads\/2015\/07\/Andreas_von_der_heide1.png","datePublished":"2015-07-20T11:59:39+00:00","dateModified":"2019-05-20T11:59:11+00:00","description":"Andreas Von Der Heide, deler her ud af tips til hvordan han skabte Les Duex samtidigt med at han har passet sit studie i jura, ved K\u00f8benhavns Universitet.","breadcrumb":{"@id":"https:\/\/www.saxis.dk\/blog\/les-deux-medstifter-jeg-er-tilhaenger-af-at-man-faerdiggor-sin-uddannelse\/#breadcrumb"},"inLanguage":"da-DK","potentialAction":[{"@type":"ReadAction","target":["https:\/\/www.saxis.dk\/blog\/les-deux-medstifter-jeg-er-tilhaenger-af-at-man-faerdiggor-sin-uddannelse\/"]}]},{"@type":"ImageObject","inLanguage":"da-DK","@id":"https:\/\/www.saxis.dk\/blog\/les-deux-medstifter-jeg-er-tilhaenger-af-at-man-faerdiggor-sin-uddannelse\/#primaryimage","url":"https:\/\/www.saxis.dk\/blog\/wp-content\/uploads\/2015\/07\/Andreas_von_der_heide1.png","contentUrl":"https:\/\/www.saxis.dk\/blog\/wp-content\/uploads\/2015\/07\/Andreas_von_der_heide1.png","width":627,"height":493},{"@type":"BreadcrumbList","@id":"https:\/\/www.saxis.dk\/blog\/les-deux-medstifter-jeg-er-tilhaenger-af-at-man-faerdiggor-sin-uddannelse\/#breadcrumb","itemListElement":[{"@type":"ListItem","position":1,"name":"Blog","item":"https:\/\/www.saxis.dk\/blog\/"},{"@type":"ListItem","position":2,"name":"Artikler","item":"https:\/\/www.saxis.dk\/blog\/category\/artikler\/"},{"@type":"ListItem","position":3,"name":"Interviews Og G\u00e6steblogs","item":"https:\/\/www.saxis.dk\/blog\/category\/artikler\/interviews-og-gaesteblogs\/"},{"@type":"ListItem","position":4,"name":"Les Deux-medstifter: \u201dJeg er tilh\u00e6nger af at man f\u00e6rdigg\u00f8r sin uddannelse\u201d"}]},{"@type":"WebSite","@id":"https:\/\/www.saxis.dk\/blog\/#website","url":"https:\/\/www.saxis.dk\/blog\/","name":"Saxis virksomhedsb\u00f8rs blog","description":"Blog om k\u00f8b og salg af virksomheder, g\u00e6steblogs fra Danmarks dygtigste virksomhedsledere og meget mere.","publisher":{"@id":"https:\/\/www.saxis.dk\/blog\/#organization"},"potentialAction":[{"@type":"SearchAction","target":{"@type":"EntryPoint","urlTemplate":"https:\/\/www.saxis.dk\/blog\/?s={search_term_string}"},"query-input":{"@type":"PropertyValueSpecification","valueRequired":true,"valueName":"search_term_string"}}],"inLanguage":"da-DK"},{"@type":"Organization","@id":"https:\/\/www.saxis.dk\/blog\/#organization","name":"Saxis Virksomhedsb\u00f8rs","url":"https:\/\/www.saxis.dk\/blog\/","logo":{"@type":"ImageObject","inLanguage":"da-DK","@id":"https:\/\/www.saxis.dk\/blog\/#\/schema\/logo\/image\/","url":"https:\/\/www.saxis.dk\/blog\/wp-content\/uploads\/2018\/05\/logo-blog-saxis.png","contentUrl":"https:\/\/www.saxis.dk\/blog\/wp-content\/uploads\/2018\/05\/logo-blog-saxis.png","width":916,"height":272,"caption":"Saxis Virksomhedsb\u00f8rs"},"image":{"@id":"https:\/\/www.saxis.dk\/blog\/#\/schema\/logo\/image\/"},"sameAs":["https:\/\/www.facebook.com\/virksomhedsbors\/","https:\/\/x.com\/virksomhedsbors"]},{"@type":"Person","@id":"https:\/\/www.saxis.dk\/blog\/#\/schema\/person\/7c2e254eb0bb2ca677f4483cec1e2194","name":"Mette Jeannot","image":{"@type":"ImageObject","inLanguage":"da-DK","@id":"https:\/\/secure.gravatar.com\/avatar\/b0c675d5b1f4d0c2760a168970ddd4216d210a5df3a530ac853796f24abee1b8?s=96&d=mm&r=g","url":"https:\/\/secure.gravatar.com\/avatar\/b0c675d5b1f4d0c2760a168970ddd4216d210a5df3a530ac853796f24abee1b8?s=96&d=mm&r=g","contentUrl":"https:\/\/secure.gravatar.com\/avatar\/b0c675d5b1f4d0c2760a168970ddd4216d210a5df3a530ac853796f24abee1b8?s=96&d=mm&r=g","caption":"Mette Jeannot"},"url":"https:\/\/www.saxis.dk\/blog\/author\/mette\/"}]}},"_links":{"self":[{"href":"https:\/\/www.saxis.dk\/blog\/wp-json\/wp\/v2\/posts\/1998","targetHints":{"allow":["GET"]}}],"collection":[{"href":"https:\/\/www.saxis.dk\/blog\/wp-json\/wp\/v2\/posts"}],"about":[{"href":"https:\/\/www.saxis.dk\/blog\/wp-json\/wp\/v2\/types\/post"}],"author":[{"embeddable":true,"href":"https:\/\/www.saxis.dk\/blog\/wp-json\/wp\/v2\/users\/18"}],"replies":[{"embeddable":true,"href":"https:\/\/www.saxis.dk\/blog\/wp-json\/wp\/v2\/comments?post=1998"}],"version-history":[{"count":6,"href":"https:\/\/www.saxis.dk\/blog\/wp-json\/wp\/v2\/posts\/1998\/revisions"}],"predecessor-version":[{"id":6015,"href":"https:\/\/www.saxis.dk\/blog\/wp-json\/wp\/v2\/posts\/1998\/revisions\/6015"}],"wp:featuredmedia":[{"embeddable":true,"href":"https:\/\/www.saxis.dk\/blog\/wp-json\/wp\/v2\/media\/2012"}],"wp:attachment":[{"href":"https:\/\/www.saxis.dk\/blog\/wp-json\/wp\/v2\/media?parent=1998"}],"wp:term":[{"taxonomy":"category","embeddable":true,"href":"https:\/\/www.saxis.dk\/blog\/wp-json\/wp\/v2\/categories?post=1998"},{"taxonomy":"post_tag","embeddable":true,"href":"https:\/\/www.saxis.dk\/blog\/wp-json\/wp\/v2\/tags?post=1998"}],"curies":[{"name":"wp","href":"https:\/\/api.w.org\/{rel}","templated":true}]}}